{"id":92299,"date":"2025-09-08T06:40:38","date_gmt":"2025-09-08T12:40:38","guid":{"rendered":"https:\/\/elinformante.mx\/?p=92299"},"modified":"2025-09-08T06:40:40","modified_gmt":"2025-09-08T12:40:40","slug":"encabeza-ana-muniz-neyra-jornada-de-reforestacion","status":"publish","type":"post","link":"https:\/\/elinformante.mx\/?p=92299","title":{"rendered":"Encabeza Ana Mu\u00f1iz Neyra jornada de reforestaci\u00f3n"},"content":{"rendered":"\n<figure class=\"wp-block-pullquote\"><blockquote><p>Afirm\u00f3 que estas acciones refuerzan la educaci\u00f3n ambiental, promueven la responsabilidad comunitaria y fortalecen la conservaci\u00f3n de los ecosistemas urbanos.<\/p><\/blockquote><\/figure>\n\n\n\n<p class=\"has-drop-cap\">En el municipio de San Mateo Atenco, la presidenta municipal, Ana Mu\u00f1iz Neyra, encabez\u00f3 la jornada de reforestaci\u00f3n \u201cSembrando Vida en el Humedal del Norte\u201d.<br><\/p>\n\n\n\n<p>Acompa\u00f1ada de su cabildo y de la comunidad escolar del Colegio ARGOS, durante la jornada se\u00f1al\u00f3 que esta actividad permite que las y los estudiantes puedan visibilizar la enorme importancia que tiene el Humedal San Pedro, la Laguna Chimaliapan y el R\u00edo Lerma para el municipio.<br><\/p>\n\n\n\n<p>Adem\u00e1s agradeci\u00f3 a la Secretar\u00eda de Medio Ambiente del Edom\u00e9x por su gu\u00eda en esta actividad.<br><\/p>\n\n\n\n<figure class=\"wp-block-image size-large\"><img fetchpriority=\"high\" decoding=\"async\" width=\"1024\" height=\"506\" src=\"https:\/\/elinformante.mx\/wp-content\/uploads\/2025\/09\/12mateo-2-1024x506.jpg\" alt=\"\" class=\"wp-image-92301\" srcset=\"https:\/\/elinformante.mx\/wp-content\/uploads\/2025\/09\/12mateo-2-1024x506.jpg 1024w, https:\/\/elinformante.mx\/wp-content\/uploads\/2025\/09\/12mateo-2-300x148.jpg 300w, https:\/\/elinformante.mx\/wp-content\/uploads\/2025\/09\/12mateo-2-768x379.jpg 768w, https:\/\/elinformante.mx\/wp-content\/uploads\/2025\/09\/12mateo-2.jpg 1140w\" sizes=\"(max-width: 1024px) 100vw, 1024px\" \/><\/figure>\n\n\n\n<p>Alumnas y alumnos contribuyeron a la generaci\u00f3n de espacios que favorecen la alimentaci\u00f3n y refugio de especies polinizadoras, esenciales para la biodiversidad y el equilibrio ecol\u00f3gico.<br><\/p>\n\n\n\n<p>Mu\u00f1iz Neyra afirm\u00f3 que estas acciones refuerzan la educaci\u00f3n ambiental, promueven la responsabilidad comunitaria y fortalecen la conservaci\u00f3n de los ecosistemas urbanos.<br><\/p>\n\n\n\n<p>Estas acciones refuerzan el compromiso con la recuperaci\u00f3n de \u00e1reas naturales, la conservaci\u00f3n de la biodiversidad y la sensibilizaci\u00f3n ambiental de la sociedad a trav\u00e9s del voluntariado.<\/p>\n","protected":false},"excerpt":{"rendered":"<p>Afirm\u00f3 que estas acciones refuerzan la educaci\u00f3n ambiental, promueven la responsabilidad comunitaria y fortalecen la conservaci\u00f3n de los ecosistemas urbanos. En el municipio de San Mateo Atenco, la presidenta municipal, Ana Mu\u00f1iz Neyra, encabez\u00f3 la jornada de reforestaci\u00f3n \u201cSembrando Vida en el Humedal del Norte\u201d. Acompa\u00f1ada de su cabildo y de la comunidad escolar del [&hellip;]<\/p>\n","protected":false},"author":1,"featured_media":92300,"comment_status":"closed","ping_status":"closed","sticky":false,"template":"","format":"standard","meta":{"footnotes":""},"categories":[36],"tags":[],"class_list":["post-92299","post","type-post","status-publish","format-standard","has-post-thumbnail","hentry","category-edomex"],"_links":{"self":[{"href":"https:\/\/elinformante.mx\/index.php?rest_route=\/wp\/v2\/posts\/92299","targetHints":{"allow":["GET"]}}],"collection":[{"href":"https:\/\/elinformante.mx\/index.php?rest_route=\/wp\/v2\/posts"}],"about":[{"href":"https:\/\/elinformante.mx\/index.php?rest_route=\/wp\/v2\/types\/post"}],"author":[{"embeddable":true,"href":"https:\/\/elinformante.mx\/index.php?rest_route=\/wp\/v2\/users\/1"}],"replies":[{"embeddable":true,"href":"https:\/\/elinformante.mx\/index.php?rest_route=%2Fwp%2Fv2%2Fcomments&post=92299"}],"version-history":[{"count":0,"href":"https:\/\/elinformante.mx\/index.php?rest_route=\/wp\/v2\/posts\/92299\/revisions"}],"wp:featuredmedia":[{"embeddable":true,"href":"https:\/\/elinformante.mx\/index.php?rest_route=\/wp\/v2\/media\/92300"}],"wp:attachment":[{"href":"https:\/\/elinformante.mx\/index.php?rest_route=%2Fwp%2Fv2%2Fmedia&parent=92299"}],"wp:term":[{"taxonomy":"category","embeddable":true,"href":"https:\/\/elinformante.mx\/index.php?rest_route=%2Fwp%2Fv2%2Fcategories&post=92299"},{"taxonomy":"post_tag","embeddable":true,"href":"https:\/\/elinformante.mx\/index.php?rest_route=%2Fwp%2Fv2%2Ftags&post=92299"}],"curies":[{"name":"wp","href":"https:\/\/api.w.org\/{rel}","templated":true}]}}