{"id":92302,"date":"2025-09-08T06:42:18","date_gmt":"2025-09-08T12:42:18","guid":{"rendered":"https:\/\/elinformante.mx\/?p=92302"},"modified":"2025-09-08T06:42:22","modified_gmt":"2025-09-08T12:42:22","slug":"almoloya-de-juarez-reforzara-vigilancia-en-zonas-forestales-adolfo-solis","status":"publish","type":"post","link":"https:\/\/elinformante.mx\/?p=92302","title":{"rendered":"Almoloya de Ju\u00e1rez reforzar\u00e1 vigilancia en zonas forestales: Adolfo Sol\u00eds"},"content":{"rendered":"\n<figure class=\"wp-block-pullquote\"><blockquote><p>Con estas acciones, el ayuntamiento busca frenar la tala ilegal en la zona.<\/p><\/blockquote><\/figure>\n\n\n\n<p class=\"has-drop-cap\">En las \u00faltimas fechas, la administraci\u00f3n municipal de Almoloya de Ju\u00e1rez, que est\u00e1 encabezada por Adolfo Solis G\u00f3mez, ha fortalecido las acciones de protecci\u00f3n y cuidado de los recursos naturales, estas acciones se realizan con un operativo especial especialmente contra la tala clandestina en la zona sur del municipio.<br><\/p>\n\n\n\n<p>Mediante una estrategia que logra reunir a la Polic\u00eda Municipal, la Secretar\u00eda de Seguridad estatal, la Guardia Nacional y la Procuradur\u00eda de Protecci\u00f3n al Ambiente, se encargaron de desplegar patrullajes en comunidades como La Lima, en donde la extracci\u00f3n ilegal de madera ha puesto en riesgo el equilibrio de los bosques.<br><\/p>\n\n\n\n<figure class=\"wp-block-image size-large\"><img fetchpriority=\"high\" decoding=\"async\" width=\"1024\" height=\"506\" src=\"https:\/\/elinformante.mx\/wp-content\/uploads\/2025\/09\/12almo-3-1024x506.jpg\" alt=\"\" class=\"wp-image-92304\" srcset=\"https:\/\/elinformante.mx\/wp-content\/uploads\/2025\/09\/12almo-3-1024x506.jpg 1024w, https:\/\/elinformante.mx\/wp-content\/uploads\/2025\/09\/12almo-3-300x148.jpg 300w, https:\/\/elinformante.mx\/wp-content\/uploads\/2025\/09\/12almo-3-768x379.jpg 768w, https:\/\/elinformante.mx\/wp-content\/uploads\/2025\/09\/12almo-3.jpg 1140w\" sizes=\"(max-width: 1024px) 100vw, 1024px\" \/><\/figure>\n\n\n\n<p>Las autoridades informaron que este operativo corresponde a las denuncias ciudadanas que han alertaron sobre la actividad il\u00edcita.<br><\/p>\n\n\n\n<p>Esta acci\u00f3n se suma a los esfuerzos previos; las autoridades informaron que el pasado 3 de abril se llevaron a cabo la clausura de dos aserraderos; logrando la detenci\u00f3n de tres personas vinculadas a la explotaci\u00f3n clandestina de recursos forestales en esta misma regi\u00f3n.<br><\/p>\n\n\n\n<p>El gobierno encabezado por Adolfo Sol\u00eds G\u00f3mez ha advertido, que estos operativos e intervenciones continuar\u00e1n de manera peri\u00f3dica, con el objetivo de resguardar el patrimonio natural del municipio.<\/p>\n","protected":false},"excerpt":{"rendered":"<p>Con estas acciones, el ayuntamiento busca frenar la tala ilegal en la zona. En las \u00faltimas fechas, la administraci\u00f3n municipal de Almoloya de Ju\u00e1rez, que est\u00e1 encabezada por Adolfo Solis G\u00f3mez, ha fortalecido las acciones de protecci\u00f3n y cuidado de los recursos naturales, estas acciones se realizan con un operativo especial especialmente contra la tala [&hellip;]<\/p>\n","protected":false},"author":1,"featured_media":92303,"comment_status":"closed","ping_status":"closed","sticky":false,"template":"","format":"standard","meta":{"footnotes":""},"categories":[36],"tags":[],"class_list":["post-92302","post","type-post","status-publish","format-standard","has-post-thumbnail","hentry","category-edomex"],"_links":{"self":[{"href":"https:\/\/elinformante.mx\/index.php?rest_route=\/wp\/v2\/posts\/92302","targetHints":{"allow":["GET"]}}],"collection":[{"href":"https:\/\/elinformante.mx\/index.php?rest_route=\/wp\/v2\/posts"}],"about":[{"href":"https:\/\/elinformante.mx\/index.php?rest_route=\/wp\/v2\/types\/post"}],"author":[{"embeddable":true,"href":"https:\/\/elinformante.mx\/index.php?rest_route=\/wp\/v2\/users\/1"}],"replies":[{"embeddable":true,"href":"https:\/\/elinformante.mx\/index.php?rest_route=%2Fwp%2Fv2%2Fcomments&post=92302"}],"version-history":[{"count":0,"href":"https:\/\/elinformante.mx\/index.php?rest_route=\/wp\/v2\/posts\/92302\/revisions"}],"wp:featuredmedia":[{"embeddable":true,"href":"https:\/\/elinformante.mx\/index.php?rest_route=\/wp\/v2\/media\/92303"}],"wp:attachment":[{"href":"https:\/\/elinformante.mx\/index.php?rest_route=%2Fwp%2Fv2%2Fmedia&parent=92302"}],"wp:term":[{"taxonomy":"category","embeddable":true,"href":"https:\/\/elinformante.mx\/index.php?rest_route=%2Fwp%2Fv2%2Fcategories&post=92302"},{"taxonomy":"post_tag","embeddable":true,"href":"https:\/\/elinformante.mx\/index.php?rest_route=%2Fwp%2Fv2%2Ftags&post=92302"}],"curies":[{"name":"wp","href":"https:\/\/api.w.org\/{rel}","templated":true}]}}