{"id":92305,"date":"2025-09-08T06:47:01","date_gmt":"2025-09-08T12:47:01","guid":{"rendered":"https:\/\/elinformante.mx\/?p=92305"},"modified":"2025-09-08T06:47:08","modified_gmt":"2025-09-08T12:47:08","slug":"inaugura-fernando-flores-paso-a-desnivel-y-nuevas-vialidades-en-zona-comercial-de-metepec","status":"publish","type":"post","link":"https:\/\/elinformante.mx\/?p=92305","title":{"rendered":"Inaugura Fernando Flores paso a desnivel y nuevas vialidades en zona comercial de Metepec"},"content":{"rendered":"\n<figure class=\"wp-block-pullquote\"><blockquote><p>Estas obras fueron entregadas tras varios meses de trabajos de infraestructura, desarrollados tanto con inversi\u00f3n p\u00fablica como privada.<\/p><\/blockquote><\/figure>\n\n\n\n<p class=\"has-drop-cap\">En el municipio de Metepec, el presidente municipal, Fernando Flores Fern\u00e1ndez, inaugur\u00f3 tres importantes obras viales como parte de la estrategia integral para mejorar la movilidad urbana en una de las zonas m\u00e1s concurridas del municipio, las cuales incluyen la transformaci\u00f3n a desnivel de Paseo del Agricultor y la apertura de dos nuevas calles: Barrizal y Alfareros.<br><\/p>\n\n\n\n<p>De acuerdo a lo se\u00f1alado por Flores Fern\u00e1ndez, estas obras fueron entregadas tras varios meses de trabajos de infraestructura, desarrollados tanto con inversi\u00f3n p\u00fablica como privada.<br><\/p>\n\n\n\n<p>Se\u00f1al\u00f3 que esta intervenci\u00f3n forma parte de un ambicioso proyecto de modernizaci\u00f3n vial en la conocida zona dorada de Metepec, que alberga el centro comercial Galer\u00edas Metepec, tiendas departamentales y una intensa actividad econ\u00f3mica.<br><\/p>\n\n\n\n<figure class=\"wp-block-image size-large\"><img fetchpriority=\"high\" decoding=\"async\" width=\"1024\" height=\"506\" src=\"https:\/\/elinformante.mx\/wp-content\/uploads\/2025\/09\/12metepec-1-1024x506.jpg\" alt=\"\" class=\"wp-image-92307\" srcset=\"https:\/\/elinformante.mx\/wp-content\/uploads\/2025\/09\/12metepec-1-1024x506.jpg 1024w, https:\/\/elinformante.mx\/wp-content\/uploads\/2025\/09\/12metepec-1-300x148.jpg 300w, https:\/\/elinformante.mx\/wp-content\/uploads\/2025\/09\/12metepec-1-768x379.jpg 768w, https:\/\/elinformante.mx\/wp-content\/uploads\/2025\/09\/12metepec-1.jpg 1140w\" sizes=\"(max-width: 1024px) 100vw, 1024px\" \/><\/figure>\n\n\n\n<p>Argument\u00f3 que uno de los elementos centrales del proyecto es la modificaci\u00f3n en desnivel del Paseo del Agricultor, una v\u00eda ya existente pero reconfigurada para permitir un flujo m\u00e1s eficiente entre la carretera Toluca\u2013Tenango y la avenida Benito Ju\u00e1rez, dos arterias fundamentales en la conectividad regional del Valle de Toluca.<br><\/p>\n\n\n\n<p>La obra tiene como objetivo reducir significativamente los cuellos de botella y tiempos de traslado, beneficiando directamente a m\u00e1s de 7,500 usuarios diarios entre automovilistas, comerciantes y visitantes de la zona.<br><\/p>\n\n\n\n<p>A la renovaci\u00f3n del Paseo del Agricultor se suman las calles de Barrizal y Alfareros, dos nuevas v\u00edas dise\u00f1adas para desfogar el tr\u00e1nsito vehicular y brindar alternativas de movilidad dentro de una de las zonas m\u00e1s densamente transitadas del municipio.<br><\/p>\n\n\n\n<p>Estas arterias complementan una red vial pensada para el crecimiento urbano ordenado de Metepec, que en los \u00faltimos a\u00f1os ha experimentado un notable auge inmobiliario y comercial.<\/p>\n","protected":false},"excerpt":{"rendered":"<p>Estas obras fueron entregadas tras varios meses de trabajos de infraestructura, desarrollados tanto con inversi\u00f3n p\u00fablica como privada. En el municipio de Metepec, el presidente municipal, Fernando Flores Fern\u00e1ndez, inaugur\u00f3 tres importantes obras viales como parte de la estrategia integral para mejorar la movilidad urbana en una de las zonas m\u00e1s concurridas del municipio, las [&hellip;]<\/p>\n","protected":false},"author":1,"featured_media":92306,"comment_status":"closed","ping_status":"closed","sticky":false,"template":"","format":"standard","meta":{"footnotes":""},"categories":[30,36],"tags":[],"class_list":["post-92305","post","type-post","status-publish","format-standard","has-post-thumbnail","hentry","category-destacado","category-edomex"],"_links":{"self":[{"href":"https:\/\/elinformante.mx\/index.php?rest_route=\/wp\/v2\/posts\/92305","targetHints":{"allow":["GET"]}}],"collection":[{"href":"https:\/\/elinformante.mx\/index.php?rest_route=\/wp\/v2\/posts"}],"about":[{"href":"https:\/\/elinformante.mx\/index.php?rest_route=\/wp\/v2\/types\/post"}],"author":[{"embeddable":true,"href":"https:\/\/elinformante.mx\/index.php?rest_route=\/wp\/v2\/users\/1"}],"replies":[{"embeddable":true,"href":"https:\/\/elinformante.mx\/index.php?rest_route=%2Fwp%2Fv2%2Fcomments&post=92305"}],"version-history":[{"count":0,"href":"https:\/\/elinformante.mx\/index.php?rest_route=\/wp\/v2\/posts\/92305\/revisions"}],"wp:featuredmedia":[{"embeddable":true,"href":"https:\/\/elinformante.mx\/index.php?rest_route=\/wp\/v2\/media\/92306"}],"wp:attachment":[{"href":"https:\/\/elinformante.mx\/index.php?rest_route=%2Fwp%2Fv2%2Fmedia&parent=92305"}],"wp:term":[{"taxonomy":"category","embeddable":true,"href":"https:\/\/elinformante.mx\/index.php?rest_route=%2Fwp%2Fv2%2Fcategories&post=92305"},{"taxonomy":"post_tag","embeddable":true,"href":"https:\/\/elinformante.mx\/index.php?rest_route=%2Fwp%2Fv2%2Ftags&post=92305"}],"curies":[{"name":"wp","href":"https:\/\/api.w.org\/{rel}","templated":true}]}}