{"id":92308,"date":"2025-09-08T06:50:24","date_gmt":"2025-09-08T12:50:24","guid":{"rendered":"https:\/\/elinformante.mx\/?p=92308"},"modified":"2025-09-08T06:50:29","modified_gmt":"2025-09-08T12:50:29","slug":"encabeza-manuel-vilchis-la-remodelacion-del-auditorio-en-primaria-de-zinacantepec","status":"publish","type":"post","link":"https:\/\/elinformante.mx\/?p=92308","title":{"rendered":"Encabeza Manuel Vilchis la remodelaci\u00f3n del auditorio en primaria de Zinacantepec"},"content":{"rendered":"\n<figure class=\"wp-block-pullquote\"><blockquote><p>Destac\u00f3 que cada acci\u00f3n en favor del sector educativo contribuye a cimentar un mejor porvenir para el municipio.<\/p><\/blockquote><\/figure>\n\n\n\n<p class=\"has-drop-cap\">El presidente municipal de Zinacantepec, Manuel Vilchis Viveros, contin\u00faa trabajando con paso firme hacia la mejora de la infraestructura educativa del municipio.<br><\/p>\n\n\n\n<p>En esta ocasi\u00f3n encabez\u00f3 la supervisi\u00f3n de la entrega de la remodelaci\u00f3n del auditorio de la Escuela Primaria \u201cJuan Fern\u00e1ndez Albarr\u00e1n\u201d, reafirmando su compromiso con el desarrollo integral de la ni\u00f1ez de Zinacantepec.<br><\/p>\n\n\n\n<p>Se\u00f1al\u00f3 que la rehabilitaci\u00f3n de este espacio representa m\u00e1s que una obra f\u00edsica; es una inversi\u00f3n directa en el futuro de los estudiantes, quienes ahora contar\u00e1n con un entorno adecuado para actividades acad\u00e9micas, culturales y comunitarias.<br><\/p>\n\n\n\n<figure class=\"wp-block-image size-large\"><img fetchpriority=\"high\" decoding=\"async\" width=\"1024\" height=\"506\" src=\"https:\/\/elinformante.mx\/wp-content\/uploads\/2025\/09\/11zina-1024x506.jpg\" alt=\"\" class=\"wp-image-92310\" srcset=\"https:\/\/elinformante.mx\/wp-content\/uploads\/2025\/09\/11zina-1024x506.jpg 1024w, https:\/\/elinformante.mx\/wp-content\/uploads\/2025\/09\/11zina-300x148.jpg 300w, https:\/\/elinformante.mx\/wp-content\/uploads\/2025\/09\/11zina-768x379.jpg 768w, https:\/\/elinformante.mx\/wp-content\/uploads\/2025\/09\/11zina.jpg 1140w\" sizes=\"(max-width: 1024px) 100vw, 1024px\" \/><\/figure>\n\n\n\n<p>Vilchis Viveros destac\u00f3 que la educaci\u00f3n contin\u00faa siendo una prioridad central en su gobierno, y enfatizando que cada acci\u00f3n en favor del sector educativo contribuye a cimentar un mejor porvenir para el municipio.<br><\/p>\n\n\n\n<p>Se\u00f1al\u00f3 que cada aula mejorada y cada auditorio renovado significa una oportunidad m\u00e1s para que nuestras ni\u00f1as y ni\u00f1os crezcan en un entorno digno, seguro y motivador, ante padres de familia, docentes y alumnos que asistieron al acto.<br><\/p>\n\n\n\n<p>La entrega de este auditorio se suma al conjunto de acciones que la actual administraci\u00f3n ha venido implementando para fortalecer la calidad educativa en Zinacantepec. Con obras como esta, se busca potenciar el desarrollo emocional, cultural y acad\u00e9mico de los menores.<\/p>\n","protected":false},"excerpt":{"rendered":"<p>Destac\u00f3 que cada acci\u00f3n en favor del sector educativo contribuye a cimentar un mejor porvenir para el municipio. El presidente municipal de Zinacantepec, Manuel Vilchis Viveros, contin\u00faa trabajando con paso firme hacia la mejora de la infraestructura educativa del municipio. En esta ocasi\u00f3n encabez\u00f3 la supervisi\u00f3n de la entrega de la remodelaci\u00f3n del auditorio de [&hellip;]<\/p>\n","protected":false},"author":1,"featured_media":92309,"comment_status":"closed","ping_status":"closed","sticky":false,"template":"","format":"standard","meta":{"footnotes":""},"categories":[36],"tags":[],"class_list":["post-92308","post","type-post","status-publish","format-standard","has-post-thumbnail","hentry","category-edomex"],"_links":{"self":[{"href":"https:\/\/elinformante.mx\/index.php?rest_route=\/wp\/v2\/posts\/92308","targetHints":{"allow":["GET"]}}],"collection":[{"href":"https:\/\/elinformante.mx\/index.php?rest_route=\/wp\/v2\/posts"}],"about":[{"href":"https:\/\/elinformante.mx\/index.php?rest_route=\/wp\/v2\/types\/post"}],"author":[{"embeddable":true,"href":"https:\/\/elinformante.mx\/index.php?rest_route=\/wp\/v2\/users\/1"}],"replies":[{"embeddable":true,"href":"https:\/\/elinformante.mx\/index.php?rest_route=%2Fwp%2Fv2%2Fcomments&post=92308"}],"version-history":[{"count":0,"href":"https:\/\/elinformante.mx\/index.php?rest_route=\/wp\/v2\/posts\/92308\/revisions"}],"wp:featuredmedia":[{"embeddable":true,"href":"https:\/\/elinformante.mx\/index.php?rest_route=\/wp\/v2\/media\/92309"}],"wp:attachment":[{"href":"https:\/\/elinformante.mx\/index.php?rest_route=%2Fwp%2Fv2%2Fmedia&parent=92308"}],"wp:term":[{"taxonomy":"category","embeddable":true,"href":"https:\/\/elinformante.mx\/index.php?rest_route=%2Fwp%2Fv2%2Fcategories&post=92308"},{"taxonomy":"post_tag","embeddable":true,"href":"https:\/\/elinformante.mx\/index.php?rest_route=%2Fwp%2Fv2%2Ftags&post=92308"}],"curies":[{"name":"wp","href":"https:\/\/api.w.org\/{rel}","templated":true}]}}