{"id":92316,"date":"2025-09-08T06:59:41","date_gmt":"2025-09-08T12:59:41","guid":{"rendered":"https:\/\/elinformante.mx\/?p=92316"},"modified":"2025-09-08T07:00:01","modified_gmt":"2025-09-08T13:00:01","slug":"uaemex-anuncia-que-la-facultad-de-contaduria-y-administracion-regresan-a-clases","status":"publish","type":"post","link":"https:\/\/elinformante.mx\/?p=92316","title":{"rendered":"UAEM\u00e9x anuncia que la Facultad de Contadur\u00eda y Administraci\u00f3n regresan a clases"},"content":{"rendered":"\n<figure class=\"wp-block-pullquote\"><blockquote><p>Tambi\u00e9n retomaron sus actividades la Biblioteca Central, Torre Acad\u00e9mica, el Sistema de Informaci\u00f3n Cient\u00edfica REDALYC y el Centro Internacional de Lengua y Cultura.<\/p><\/blockquote><\/figure>\n\n\n\n<p class=\"has-drop-cap\">Dos facultades m\u00e1s de la Universidad Aut\u00f3noma del Estado de M\u00e9xico, UAEM\u00e9x regresar\u00e1n a clases hoy lunes, luego de haber permanecido m\u00e1s de 3 meses en paro estudiantil.<br><\/p>\n\n\n\n<p>Se trata de la Facultad de Geograf\u00eda, Contadur\u00eda y Administraci\u00f3n, quienes en el trayecto de la primera semana del mes de septiembre se entregaron las instalaciones de forma pac\u00edfica, esto al tener cumplimientos de sus pliegos petitorios.<br><\/p>\n\n\n\n<p>Con este pr\u00f3ximo regreso de facultades sumar\u00edan 17 facultades que han decidido retornar a labores acad\u00e9micas de manera presencial, quedando pendientes las facultades de Antropolog\u00eda, Humanidades, Ingenier\u00eda, Arquitectura y Dise\u00f1o.<br><\/p>\n\n\n\n<p>Las autoridades de la facultad respaldadas por las autoridades de la UAEM\u00e9x informaron que son conscientes de la importancia que este ejercicio de di\u00e1logo representa para la conciliaci\u00f3n y el restablecimiento normal de las actividades acad\u00e9micas en la Facultad.<br><\/p>\n\n\n\n<p>Y es que se\u00f1alaron que en concordancia con la pol\u00edtica implementada por la Dra. Martha Patricia Zarza Delgado, Rectora de la UAEM\u00e9x, se sigue trabajando en la transformaci\u00f3n de la UAEM\u00e9x, buscando convertirla en una Universidad cercana, incluyente y progresista, invitando a toda la comunidad acad\u00e9mica a brindar las condiciones necesarias para garantizar a la totalidad de estudiantes un periodo escolar con equidad e id\u00e9nticas oportunidades de \u00e9xito<br><\/p>\n\n\n\n<p>El prop\u00f3sito de garantizar que las y los estudiantes no sean afectados, la comunidad docente deber\u00e1 crear y establecer mecanismos que permitan no tomar en cuenta las inasistencias ni la entrega o realizaci\u00f3n de trabajos de sus estudiantes, desde el inicio del semestre y hasta el d\u00eda 6 de septiembre del presente.<br><\/p>\n\n\n\n<p>Cabe se\u00f1alar que de los 55 espacios acad\u00e9micos de la UAEMex, solo quedan tres facultades por regresar a clases presenciales, que son la de Ingenier\u00eda, Humanidades, as\u00ed como Arquitectura y Dise\u00f1o, todas ubicadas en Ciudad Universitaria, adem\u00e1s del Edificio Central de Rector\u00eda que contin\u00faa tomado por los paristas.<\/p>\n","protected":false},"excerpt":{"rendered":"<p>Tambi\u00e9n retomaron sus actividades la Biblioteca Central, Torre Acad\u00e9mica, el Sistema de Informaci\u00f3n Cient\u00edfica REDALYC y el Centro Internacional de Lengua y Cultura. Dos facultades m\u00e1s de la Universidad Aut\u00f3noma del Estado de M\u00e9xico, UAEM\u00e9x regresar\u00e1n a clases hoy lunes, luego de haber permanecido m\u00e1s de 3 meses en paro estudiantil. Se trata de la [&hellip;]<\/p>\n","protected":false},"author":1,"featured_media":92317,"comment_status":"closed","ping_status":"closed","sticky":false,"template":"","format":"standard","meta":{"footnotes":""},"categories":[30,36],"tags":[],"class_list":["post-92316","post","type-post","status-publish","format-standard","has-post-thumbnail","hentry","category-destacado","category-edomex"],"_links":{"self":[{"href":"https:\/\/elinformante.mx\/index.php?rest_route=\/wp\/v2\/posts\/92316","targetHints":{"allow":["GET"]}}],"collection":[{"href":"https:\/\/elinformante.mx\/index.php?rest_route=\/wp\/v2\/posts"}],"about":[{"href":"https:\/\/elinformante.mx\/index.php?rest_route=\/wp\/v2\/types\/post"}],"author":[{"embeddable":true,"href":"https:\/\/elinformante.mx\/index.php?rest_route=\/wp\/v2\/users\/1"}],"replies":[{"embeddable":true,"href":"https:\/\/elinformante.mx\/index.php?rest_route=%2Fwp%2Fv2%2Fcomments&post=92316"}],"version-history":[{"count":0,"href":"https:\/\/elinformante.mx\/index.php?rest_route=\/wp\/v2\/posts\/92316\/revisions"}],"wp:featuredmedia":[{"embeddable":true,"href":"https:\/\/elinformante.mx\/index.php?rest_route=\/wp\/v2\/media\/92317"}],"wp:attachment":[{"href":"https:\/\/elinformante.mx\/index.php?rest_route=%2Fwp%2Fv2%2Fmedia&parent=92316"}],"wp:term":[{"taxonomy":"category","embeddable":true,"href":"https:\/\/elinformante.mx\/index.php?rest_route=%2Fwp%2Fv2%2Fcategories&post=92316"},{"taxonomy":"post_tag","embeddable":true,"href":"https:\/\/elinformante.mx\/index.php?rest_route=%2Fwp%2Fv2%2Ftags&post=92316"}],"curies":[{"name":"wp","href":"https:\/\/api.w.org\/{rel}","templated":true}]}}