{"id":92321,"date":"2025-09-08T07:04:31","date_gmt":"2025-09-08T13:04:31","guid":{"rendered":"https:\/\/elinformante.mx\/?p=92321"},"modified":"2025-09-08T07:04:38","modified_gmt":"2025-09-08T13:04:38","slug":"difem-inicia-la-nueva-etapa-de-adopciones-para-dar-a-nna-una-familia","status":"publish","type":"post","link":"https:\/\/elinformante.mx\/?p=92321","title":{"rendered":"DIFEM inicia la nueva etapa de adopciones para dar a NNA una familia"},"content":{"rendered":"\n<figure class=\"wp-block-pullquote\"><blockquote><p>-Del 8 al 22 de septiembre se emitir\u00e1n fichas en la Subdirecci\u00f3n de Adopciones y Familias de Acogida del DIFEM, en un horario de 9:00 a 16:00 horas.<\/p><\/blockquote><\/figure>\n\n\n\n<p class=\"has-drop-cap\">Con el compromiso de garantizar a ni\u00f1as, ni\u00f1os y adolescentes el derecho de crecer rodeados de amor, cuidado y seguridad, el Sistema para el Desarrollo Integral de la Familia del Estado de M\u00e9xico (DIFEM), a trav\u00e9s de la Procuradur\u00eda de Protecci\u00f3n de Ni\u00f1as, Ni\u00f1os y Adolescentes (PPNNA), abri\u00f3 el tercer periodo de recepci\u00f3n de solicitudes de adopci\u00f3n 2025.<br><\/p>\n\n\n\n<p>Impulsado por la Gobernadora Delfina G\u00f3mez \u00c1lvarez y la Directora General del DIFEM, Karina Labastida Sotelo, este proceso busca acompa\u00f1ar a quienes deciden integrar a su vida a una ni\u00f1a, un ni\u00f1o o un adolescente, ofreciendo un hogar donde puedan construir con confianza su proyecto de vida.<br><\/p>\n\n\n\n<p>Del 8 al 22 de septiembre, el DIFEM emitir\u00e1 150 fichas como primer paso del tr\u00e1mite. Las personas interesadas deber\u00e1n acudir personalmente con identificaci\u00f3n oficial a la Subdirecci\u00f3n de Adopciones y Familias de Acogida, en un horario de 9:00 a 16:00 horas.<br><\/p>\n\n\n\n<p>La convocatoria est\u00e1 abierta a parejas casadas, en concubinato, familias homoparentales y personas solteras que residan en el Estado de M\u00e9xico, con la convicci\u00f3n de brindar amor, protecci\u00f3n y acompa\u00f1amiento en este proceso.<br><\/p>\n\n\n\n<p>El procedimiento contempla entrevistas de prevaloraci\u00f3n, talleres de inducci\u00f3n, valoraciones m\u00e9dicas, psicol\u00f3gicas y de trabajo social, as\u00ed como convivencias y un periodo de acogimiento preadoptivo, con el acompa\u00f1amiento de un equipo multidisciplinario. Finalmente, la adopci\u00f3n se concreta mediante sentencia judicial y registro, para posteriormente dar seguimiento a la nueva etapa de vida de ni\u00f1as, ni\u00f1os y adolescentes con sus familias.<br><\/p>\n\n\n\n<p>La recepci\u00f3n de solicitudes se llevar\u00e1 a cabo en la sede de la PPNNA: calle Andr\u00e9s Quintana Roo s\/n, piso 1, puerta 14, Col. Villa Hogar, C.P. 50170, Toluca, Estado de M\u00e9xico. Para m\u00e1s informaci\u00f3n, comunicarse al 722 227 4705, ext. 111, o al correo dif.adopciones@edomex.gob.mx.<br><\/p>\n\n\n\n<p>Con acciones como esta, el Gobierno del Estado de M\u00e9xico refrenda su compromiso de que cada ni\u00f1a y ni\u00f1o tenga la oportunidad de crecer en un entorno familiar pleno, porque una adopci\u00f3n es m\u00e1s que un tr\u00e1mite: es el inicio de una nueva historia de vida.<\/p>\n","protected":false},"excerpt":{"rendered":"<p>-Del 8 al 22 de septiembre se emitir\u00e1n fichas en la Subdirecci\u00f3n de Adopciones y Familias de Acogida del DIFEM, en un horario de 9:00 a 16:00 horas. Con el compromiso de garantizar a ni\u00f1as, ni\u00f1os y adolescentes el derecho de crecer rodeados de amor, cuidado y seguridad, el Sistema para el Desarrollo Integral de [&hellip;]<\/p>\n","protected":false},"author":1,"featured_media":92322,"comment_status":"closed","ping_status":"closed","sticky":false,"template":"","format":"standard","meta":{"footnotes":""},"categories":[30,36],"tags":[],"class_list":["post-92321","post","type-post","status-publish","format-standard","has-post-thumbnail","hentry","category-destacado","category-edomex"],"_links":{"self":[{"href":"https:\/\/elinformante.mx\/index.php?rest_route=\/wp\/v2\/posts\/92321","targetHints":{"allow":["GET"]}}],"collection":[{"href":"https:\/\/elinformante.mx\/index.php?rest_route=\/wp\/v2\/posts"}],"about":[{"href":"https:\/\/elinformante.mx\/index.php?rest_route=\/wp\/v2\/types\/post"}],"author":[{"embeddable":true,"href":"https:\/\/elinformante.mx\/index.php?rest_route=\/wp\/v2\/users\/1"}],"replies":[{"embeddable":true,"href":"https:\/\/elinformante.mx\/index.php?rest_route=%2Fwp%2Fv2%2Fcomments&post=92321"}],"version-history":[{"count":0,"href":"https:\/\/elinformante.mx\/index.php?rest_route=\/wp\/v2\/posts\/92321\/revisions"}],"wp:featuredmedia":[{"embeddable":true,"href":"https:\/\/elinformante.mx\/index.php?rest_route=\/wp\/v2\/media\/92322"}],"wp:attachment":[{"href":"https:\/\/elinformante.mx\/index.php?rest_route=%2Fwp%2Fv2%2Fmedia&parent=92321"}],"wp:term":[{"taxonomy":"category","embeddable":true,"href":"https:\/\/elinformante.mx\/index.php?rest_route=%2Fwp%2Fv2%2Fcategories&post=92321"},{"taxonomy":"post_tag","embeddable":true,"href":"https:\/\/elinformante.mx\/index.php?rest_route=%2Fwp%2Fv2%2Ftags&post=92321"}],"curies":[{"name":"wp","href":"https:\/\/api.w.org\/{rel}","templated":true}]}}