{"id":92332,"date":"2025-09-08T07:15:48","date_gmt":"2025-09-08T13:15:48","guid":{"rendered":"https:\/\/elinformante.mx\/?p=92332"},"modified":"2025-09-08T07:15:54","modified_gmt":"2025-09-08T13:15:54","slug":"dif-cdmx-entregara-desayunos-escolares-a-escuelas-publicas-inscritas-en-el-pae","status":"publish","type":"post","link":"https:\/\/elinformante.mx\/?p=92332","title":{"rendered":"DIF CDMX entregar\u00e1 desayunos escolares a escuelas p\u00fablicas inscritas en el PAE"},"content":{"rendered":"\n<figure class=\"wp-block-pullquote\"><blockquote><p>-Por primera vez a cada raci\u00f3n alimenticia se le incorpora verdura deshidratada un d\u00eda a la semana, beneficiando a 171 mil 564 alumnos de m\u00e1s de mil planteles.<\/p><\/blockquote><\/figure>\n\n\n\n<p class=\"has-drop-cap\">El Sistema para el Desarrollo Integral de la Familia (DIF) de CDMX inform\u00f3 que para este ciclo escolar 2025-2026 comenzar\u00e1 hoy 8 de septiembre la entrega de desayunos escolares a los alumnos de las escuelas p\u00fablicas de educaci\u00f3n preescolar, primaria y de educaci\u00f3n especial de los Centros de Atenci\u00f3n M\u00faltiple, inscritas en el Programa de Alimentos Escolares (PAE).<br><\/p>\n\n\n\n<p>A diferencia de a\u00f1os anteriores, que se proporcionaba el alimento en la cuarta semana del a\u00f1o lectivo, en esta ocasi\u00f3n inicia en la semana dos del presente ciclo escolar; tambi\u00e9n, por primera vez, a cada raci\u00f3n alimenticia, en la modalidad fr\u00eda, se le incorporar\u00e1 verdura deshidratada un d\u00eda a la semana, a fin de enriquecer su valor nutricional.<br><\/p>\n\n\n\n<p>Son 1140 planteles escolares que solicitaron y aceptaron los t\u00e9rminos y condiciones del PAE para recibir los alimentos escolares, lo que beneficiar\u00e1 a 171 mil 564 alumnos, a quienes les llegar\u00e1n raciones alimenticias; cuatro d\u00edas de cereal, leche y fruta y un d\u00eda a la semana se le agregar\u00e1 verdura deshidratada.<br><\/p>\n\n\n\n<p>Cabe se\u00f1alar que el 14% de estos planteles manejan alimento caliente y 86 por ciento alimento fr\u00edo, la meta es atender a poco m\u00e1s de 495 mil ni\u00f1as y ni\u00f1os de mil 900 escuelas p\u00fablicas de preescolar y primaria, as\u00ed como a alumnos de educaci\u00f3n especial de los Centros de Atenci\u00f3n M\u00faltiples de la Ciudad de M\u00e9xico.<\/p>\n","protected":false},"excerpt":{"rendered":"<p>-Por primera vez a cada raci\u00f3n alimenticia se le incorpora verdura deshidratada un d\u00eda a la semana, beneficiando a 171 mil 564 alumnos de m\u00e1s de mil planteles. El Sistema para el Desarrollo Integral de la Familia (DIF) de CDMX inform\u00f3 que para este ciclo escolar 2025-2026 comenzar\u00e1 hoy 8 de septiembre la entrega de [&hellip;]<\/p>\n","protected":false},"author":1,"featured_media":92333,"comment_status":"closed","ping_status":"closed","sticky":false,"template":"","format":"standard","meta":{"footnotes":""},"categories":[35],"tags":[],"class_list":["post-92332","post","type-post","status-publish","format-standard","has-post-thumbnail","hentry","category-cdmx"],"_links":{"self":[{"href":"https:\/\/elinformante.mx\/index.php?rest_route=\/wp\/v2\/posts\/92332","targetHints":{"allow":["GET"]}}],"collection":[{"href":"https:\/\/elinformante.mx\/index.php?rest_route=\/wp\/v2\/posts"}],"about":[{"href":"https:\/\/elinformante.mx\/index.php?rest_route=\/wp\/v2\/types\/post"}],"author":[{"embeddable":true,"href":"https:\/\/elinformante.mx\/index.php?rest_route=\/wp\/v2\/users\/1"}],"replies":[{"embeddable":true,"href":"https:\/\/elinformante.mx\/index.php?rest_route=%2Fwp%2Fv2%2Fcomments&post=92332"}],"version-history":[{"count":0,"href":"https:\/\/elinformante.mx\/index.php?rest_route=\/wp\/v2\/posts\/92332\/revisions"}],"wp:featuredmedia":[{"embeddable":true,"href":"https:\/\/elinformante.mx\/index.php?rest_route=\/wp\/v2\/media\/92333"}],"wp:attachment":[{"href":"https:\/\/elinformante.mx\/index.php?rest_route=%2Fwp%2Fv2%2Fmedia&parent=92332"}],"wp:term":[{"taxonomy":"category","embeddable":true,"href":"https:\/\/elinformante.mx\/index.php?rest_route=%2Fwp%2Fv2%2Fcategories&post=92332"},{"taxonomy":"post_tag","embeddable":true,"href":"https:\/\/elinformante.mx\/index.php?rest_route=%2Fwp%2Fv2%2Ftags&post=92332"}],"curies":[{"name":"wp","href":"https:\/\/api.w.org\/{rel}","templated":true}]}}