{"id":92339,"date":"2025-09-08T07:31:39","date_gmt":"2025-09-08T13:31:39","guid":{"rendered":"https:\/\/elinformante.mx\/?p=92339"},"modified":"2025-09-08T07:31:46","modified_gmt":"2025-09-08T13:31:46","slug":"clara-brugada-encabeza-inicio-de-la-semana-nacional-de-salud","status":"publish","type":"post","link":"https:\/\/elinformante.mx\/?p=92339","title":{"rendered":"Clara Brugada encabeza inicio de la Semana Nacional de Salud"},"content":{"rendered":"\n<figure class=\"wp-block-pullquote\"><blockquote><p>Invita a capitalinos a vacunarse contra el sarampi\u00f3n en centros de salud, escuelas y kioscos de vacunaci\u00f3n.<\/p><\/blockquote><\/figure>\n\n\n\n<p class=\"has-drop-cap\">La Jefa de Gobierno de la Ciudad de M\u00e9xico, Clara Brugada Molina, la secretaria de Salud, Nadine Gasman, y el director general del Centro Nacional de Prevenci\u00f3n y Control de Enfermedades, Rafael Ricardo Valdez V\u00e1zquez, encabezaron el inicio de la Semana Nacional de Salud P\u00fablica y la Jornada de Vacunaci\u00f3n, que se realizar\u00e1 del 6 al 13 de septiembre en esta capital, con el objetivo de construir un gran esquema de prevenci\u00f3n.<br><\/p>\n\n\n\n<p>En el Monumento a la Revoluci\u00f3n, donde arranc\u00f3 la Jornada Nacional de Salud, la mandataria capitalina invit\u00f3 a la poblaci\u00f3n a vacunarse contra el sarampi\u00f3n, reforzar la vacuna tanto en ni\u00f1os como en adultos en alguno de los centros de salud, en los planteles escolares de educaci\u00f3n b\u00e1sica o en los kioscos que se instalar\u00e1n en diferentes puntos de la ciudad para evitar contagios de esta enfermedad.<br><\/p>\n\n\n\n<p>Expuso que ser\u00e1n mil profesionales de salud quienes se encargar\u00e1n de la vacunaci\u00f3n; 600 en las escuelas de educaci\u00f3n b\u00e1sica de la ciudad, desde jard\u00edn de ni\u00f1os hasta secundaria, y los otros 400 vacunadores estar\u00e1n en distintas partes de la ciudad, en lugares estrat\u00e9gicos con kioscos de vacunaci\u00f3n.<br><\/p>\n\n\n\n<p>Reiter\u00f3 que en la Ciudad de M\u00e9xico tambi\u00e9n se trabaja en atender otros temas de salud, como lo es la diabetes, la obesidad, las enfermedades cardiovasculares, entre otras.<br><\/p>\n\n\n\n<p>Record\u00f3 que con el programa Salud que Late Desde los Hogares, que va casa por casa, se visita a las familias para presentarles algunas propuestas y puedan cambiar sus h\u00e1bitos como consumir menos bebidas azucaradas y beber m\u00e1s agua potable, tanto en las escuelas y hogares, adem\u00e1s de hacer alg\u00fan tipo de actividad deportiva.<br><\/p>\n\n\n\n<p>La Semana Nacional de la Salud P\u00fablica se realizar\u00e1 del 6 al 13 de septiembre, tiempo en que personal de las instituciones de Salud, federal y de la Ciudad de M\u00e9xico brindar\u00e1n diversos servicios, entre ellos la atenci\u00f3n y prevenci\u00f3n de adicciones, salud sexual y reproductiva, detecci\u00f3n de s\u00edfilis y VIH, salud mental y consumo de sustancias, detecci\u00f3n de violencia, informaci\u00f3n sobre la menstruaci\u00f3n digna, sobre menopausia, interrupci\u00f3n legal del embarazo, detecci\u00f3n de diabetes, obesidad e hipertensi\u00f3n y prevenci\u00f3n de c\u00e1ncer de mama, c\u00e9rvicouterino y de pr\u00f3stata, entre otros.<br><\/p>\n\n\n\n<p>Al tomar la palabra, la secretaria de Salud de la Ciudad de M\u00e9xico, Nadine Gasman Zylbermann, destac\u00f3 que la Semana Nacional de Salud tiene como vocaci\u00f3n fortalecer la campa\u00f1a de vacunaci\u00f3n contra el sarampi\u00f3n, enfermedad contagiosa que se previene de manera sencilla con la aplicaci\u00f3n de la vacuna.<br><\/p>\n\n\n\n<p>La titular de Salud subray\u00f3 que en M\u00e9xico se enfrentan tres principales desaf\u00edos de salud: la obesidad, la diabetes y las enfermedades cardiovasculares.<br><\/p>\n\n\n\n<p>Record\u00f3 que 70% de la poblaci\u00f3n adulta vive con sobrepeso u obesidad, cerca de 30% presenta hipertensi\u00f3n y alrededor de 14% padece diabetes. A ello se suma la importancia de atender la salud mental y de proteger a la ni\u00f1ez frente a enfermedades prevenibles.<br><\/p>\n\n\n\n<p>Resalt\u00f3 el impulso de la Jefa de Gobierno para consolidar una ciudad m\u00e1s saludable, donde la prevenci\u00f3n y el cuidado cotidiano son ejes de la pol\u00edtica p\u00fablica.<br><\/p>\n\n\n\n<p>El director general del Centro Nacional de Prevenci\u00f3n y Control de Enfermedades, Rafael Ricardo Valdez V\u00e1zquez, dijo que la tarea del sector salud es una responsabilidad colectiva compartida por instituciones como familias y comunidades enteras.<\/p>\n","protected":false},"excerpt":{"rendered":"<p>Invita a capitalinos a vacunarse contra el sarampi\u00f3n en centros de salud, escuelas y kioscos de vacunaci\u00f3n. La Jefa de Gobierno de la Ciudad de M\u00e9xico, Clara Brugada Molina, la secretaria de Salud, Nadine Gasman, y el director general del Centro Nacional de Prevenci\u00f3n y Control de Enfermedades, Rafael Ricardo Valdez V\u00e1zquez, encabezaron el inicio [&hellip;]<\/p>\n","protected":false},"author":1,"featured_media":92340,"comment_status":"closed","ping_status":"closed","sticky":false,"template":"","format":"standard","meta":{"footnotes":""},"categories":[35,30],"tags":[],"class_list":["post-92339","post","type-post","status-publish","format-standard","has-post-thumbnail","hentry","category-cdmx","category-destacado"],"_links":{"self":[{"href":"https:\/\/elinformante.mx\/index.php?rest_route=\/wp\/v2\/posts\/92339","targetHints":{"allow":["GET"]}}],"collection":[{"href":"https:\/\/elinformante.mx\/index.php?rest_route=\/wp\/v2\/posts"}],"about":[{"href":"https:\/\/elinformante.mx\/index.php?rest_route=\/wp\/v2\/types\/post"}],"author":[{"embeddable":true,"href":"https:\/\/elinformante.mx\/index.php?rest_route=\/wp\/v2\/users\/1"}],"replies":[{"embeddable":true,"href":"https:\/\/elinformante.mx\/index.php?rest_route=%2Fwp%2Fv2%2Fcomments&post=92339"}],"version-history":[{"count":0,"href":"https:\/\/elinformante.mx\/index.php?rest_route=\/wp\/v2\/posts\/92339\/revisions"}],"wp:featuredmedia":[{"embeddable":true,"href":"https:\/\/elinformante.mx\/index.php?rest_route=\/wp\/v2\/media\/92340"}],"wp:attachment":[{"href":"https:\/\/elinformante.mx\/index.php?rest_route=%2Fwp%2Fv2%2Fmedia&parent=92339"}],"wp:term":[{"taxonomy":"category","embeddable":true,"href":"https:\/\/elinformante.mx\/index.php?rest_route=%2Fwp%2Fv2%2Fcategories&post=92339"},{"taxonomy":"post_tag","embeddable":true,"href":"https:\/\/elinformante.mx\/index.php?rest_route=%2Fwp%2Fv2%2Ftags&post=92339"}],"curies":[{"name":"wp","href":"https:\/\/api.w.org\/{rel}","templated":true}]}}