{"id":92364,"date":"2025-09-08T11:25:20","date_gmt":"2025-09-08T17:25:20","guid":{"rendered":"https:\/\/elinformante.mx\/?p=92364"},"modified":"2025-09-08T11:25:25","modified_gmt":"2025-09-08T17:25:25","slug":"encuentran-sin-vida-a-joven-maestra-reportada-como-desaparecida-en-tejupilco","status":"publish","type":"post","link":"https:\/\/elinformante.mx\/?p=92364","title":{"rendered":"ENCUENTRAN SIN VIDA A JOVEN MAESTRA REPORTADA COMO DESAPARECIDA EN TEJUPILCO"},"content":{"rendered":"\n<p>Amanda Lizbeth, una maestra de 26 a\u00f1os que hab\u00eda sido reportada como desaparecida desde el pasado s\u00e1bado, fue localizada sin vida en un terreno de cultivo del barrio Las Mesitas. El hallazgo se dio la noche del viernes, cuando polic\u00edas recibieron un reporte sobre un cuerpo en estado de descomposici\u00f3n.<\/p>\n\n\n\n<p>La joven fue vista por \u00faltima vez en la colonia Las Rosas, en compa\u00f1\u00eda de su expareja Jos\u00e9 Luis, quien hasta el momento contin\u00faa sin ser localizado. Sus familiares hab\u00edan difundido su ficha de b\u00fasqueda y acudido a la Fiscal\u00eda General de Justicia del Estado de M\u00e9xico para denunciar su desaparici\u00f3n, sin obtener resultados durante varios d\u00edas.<\/p>\n\n\n\n<p>De acuerdo con las autoridades, el estado en el que se encontraba el cuerpo impidi\u00f3 determinar a simple vista si presentaba lesiones. Ser\u00e1 la necropsia la que confirme las causas de la muerte y si est\u00e1 relacionada con alg\u00fan hecho de violencia.<\/p>\n\n\n\n<p>El Servicio M\u00e9dico Forense realiz\u00f3 el levantamiento del cuerpo y las diligencias correspondientes, en tanto contin\u00faan las investigaciones para esclarecer lo ocurrido y localizar a la persona que la acompa\u00f1aba.<\/p>\n\n\n\n<figure class=\"wp-block-image size-full\"><img fetchpriority=\"high\" decoding=\"async\" width=\"992\" height=\"558\" src=\"https:\/\/elinformante.mx\/wp-content\/uploads\/2025\/09\/545386862_1134085905586853_6180110414734255795_n.jpg\" alt=\"\" class=\"wp-image-92366\" srcset=\"https:\/\/elinformante.mx\/wp-content\/uploads\/2025\/09\/545386862_1134085905586853_6180110414734255795_n.jpg 992w, https:\/\/elinformante.mx\/wp-content\/uploads\/2025\/09\/545386862_1134085905586853_6180110414734255795_n-300x169.jpg 300w, https:\/\/elinformante.mx\/wp-content\/uploads\/2025\/09\/545386862_1134085905586853_6180110414734255795_n-768x432.jpg 768w\" sizes=\"(max-width: 992px) 100vw, 992px\" \/><\/figure>\n","protected":false},"excerpt":{"rendered":"<p>Amanda Lizbeth, una maestra de 26 a\u00f1os que hab\u00eda sido reportada como desaparecida desde el pasado s\u00e1bado, fue localizada sin vida en un terreno de cultivo del barrio Las Mesitas. El hallazgo se dio la noche del viernes, cuando polic\u00edas recibieron un reporte sobre un cuerpo en estado de descomposici\u00f3n. La joven fue vista por [&hellip;]<\/p>\n","protected":false},"author":2,"featured_media":92365,"comment_status":"closed","ping_status":"closed","sticky":false,"template":"","format":"standard","meta":{"footnotes":""},"categories":[36],"tags":[],"class_list":["post-92364","post","type-post","status-publish","format-standard","has-post-thumbnail","hentry","category-edomex"],"_links":{"self":[{"href":"https:\/\/elinformante.mx\/index.php?rest_route=\/wp\/v2\/posts\/92364","targetHints":{"allow":["GET"]}}],"collection":[{"href":"https:\/\/elinformante.mx\/index.php?rest_route=\/wp\/v2\/posts"}],"about":[{"href":"https:\/\/elinformante.mx\/index.php?rest_route=\/wp\/v2\/types\/post"}],"author":[{"embeddable":true,"href":"https:\/\/elinformante.mx\/index.php?rest_route=\/wp\/v2\/users\/2"}],"replies":[{"embeddable":true,"href":"https:\/\/elinformante.mx\/index.php?rest_route=%2Fwp%2Fv2%2Fcomments&post=92364"}],"version-history":[{"count":0,"href":"https:\/\/elinformante.mx\/index.php?rest_route=\/wp\/v2\/posts\/92364\/revisions"}],"wp:featuredmedia":[{"embeddable":true,"href":"https:\/\/elinformante.mx\/index.php?rest_route=\/wp\/v2\/media\/92365"}],"wp:attachment":[{"href":"https:\/\/elinformante.mx\/index.php?rest_route=%2Fwp%2Fv2%2Fmedia&parent=92364"}],"wp:term":[{"taxonomy":"category","embeddable":true,"href":"https:\/\/elinformante.mx\/index.php?rest_route=%2Fwp%2Fv2%2Fcategories&post=92364"},{"taxonomy":"post_tag","embeddable":true,"href":"https:\/\/elinformante.mx\/index.php?rest_route=%2Fwp%2Fv2%2Ftags&post=92364"}],"curies":[{"name":"wp","href":"https:\/\/api.w.org\/{rel}","templated":true}]}}