{"id":92367,"date":"2025-09-08T17:35:54","date_gmt":"2025-09-08T23:35:54","guid":{"rendered":"https:\/\/elinformante.mx\/?p=92367"},"modified":"2025-09-08T17:35:56","modified_gmt":"2025-09-08T23:35:56","slug":"aaron-fue-asesinado-en-ocoyoacac-autoridades-investigan-los-hechos","status":"publish","type":"post","link":"https:\/\/elinformante.mx\/?p=92367","title":{"rendered":"AAR\u00d3N FUE ASESINADO EN OCOYOACAC; AUTORIDADES INVESTIGAN LOS HECHOS"},"content":{"rendered":"\n<p>El cad\u00e1ver de Aar\u00f3n fue localizado la ma\u00f1ana del pasado s\u00e1bado a un costado del puente de Tepexoyuca en el municipio de Ocoyoacac, Estado de M\u00e9xico. Reportes preliminares refieren que el ahora occiso habr\u00eda participado en una ri\u00f1a; sin embargo, esto no est\u00e1 confirmado y ser\u00e1n las autoridades quienes corroborar\u00e1n si esto fue as\u00ed. Servicios de emergencia y de seguridad p\u00fablica arribaron al punto tras recibir el reporte de que una persona se encontraba inconsciente, pero al llegar solo pudieron confirmar que esta ya no contaba con signos vitales. Adem\u00e1s, notaron que la v\u00edctima presentaba golpes en el rostro y heridas aparentemente provocadas con un arma de fuego. Ante ello, se pidi\u00f3 el apoyo de servicios periciales de la Fiscal\u00eda General de Justicia del Estado de M\u00e9xico, quienes llevaron a cabo las diligencias correspondientes, entre ellas el levantamiento del cuerpo y su posterior traslado a las instalaciones del Servicio M\u00e9dico Forense (SEMEFO) para la necropsia de ley.<\/p>\n","protected":false},"excerpt":{"rendered":"<p>El cad\u00e1ver de Aar\u00f3n fue localizado la ma\u00f1ana del pasado s\u00e1bado a un costado del puente de Tepexoyuca en el municipio de Ocoyoacac, Estado de M\u00e9xico. Reportes preliminares refieren que el ahora occiso habr\u00eda participado en una ri\u00f1a; sin embargo, esto no est\u00e1 confirmado y ser\u00e1n las autoridades quienes corroborar\u00e1n si esto fue as\u00ed. Servicios [&hellip;]<\/p>\n","protected":false},"author":2,"featured_media":92368,"comment_status":"closed","ping_status":"closed","sticky":false,"template":"","format":"standard","meta":{"footnotes":""},"categories":[36],"tags":[],"class_list":["post-92367","post","type-post","status-publish","format-standard","has-post-thumbnail","hentry","category-edomex"],"_links":{"self":[{"href":"https:\/\/elinformante.mx\/index.php?rest_route=\/wp\/v2\/posts\/92367","targetHints":{"allow":["GET"]}}],"collection":[{"href":"https:\/\/elinformante.mx\/index.php?rest_route=\/wp\/v2\/posts"}],"about":[{"href":"https:\/\/elinformante.mx\/index.php?rest_route=\/wp\/v2\/types\/post"}],"author":[{"embeddable":true,"href":"https:\/\/elinformante.mx\/index.php?rest_route=\/wp\/v2\/users\/2"}],"replies":[{"embeddable":true,"href":"https:\/\/elinformante.mx\/index.php?rest_route=%2Fwp%2Fv2%2Fcomments&post=92367"}],"version-history":[{"count":0,"href":"https:\/\/elinformante.mx\/index.php?rest_route=\/wp\/v2\/posts\/92367\/revisions"}],"wp:featuredmedia":[{"embeddable":true,"href":"https:\/\/elinformante.mx\/index.php?rest_route=\/wp\/v2\/media\/92368"}],"wp:attachment":[{"href":"https:\/\/elinformante.mx\/index.php?rest_route=%2Fwp%2Fv2%2Fmedia&parent=92367"}],"wp:term":[{"taxonomy":"category","embeddable":true,"href":"https:\/\/elinformante.mx\/index.php?rest_route=%2Fwp%2Fv2%2Fcategories&post=92367"},{"taxonomy":"post_tag","embeddable":true,"href":"https:\/\/elinformante.mx\/index.php?rest_route=%2Fwp%2Fv2%2Ftags&post=92367"}],"curies":[{"name":"wp","href":"https:\/\/api.w.org\/{rel}","templated":true}]}}