{"id":92376,"date":"2025-09-09T05:40:46","date_gmt":"2025-09-09T11:40:46","guid":{"rendered":"https:\/\/elinformante.mx\/?p=92376"},"modified":"2025-09-09T05:40:53","modified_gmt":"2025-09-09T11:40:53","slug":"nombran-a-peso-pluma-como-primer-embajador-mexicano-de-la-semana-de-la-moda-de-new-york","status":"publish","type":"post","link":"https:\/\/elinformante.mx\/?p=92376","title":{"rendered":"Nombran a Peso Pluma como primer embajador mexicano de la Semana de la Moda de New York"},"content":{"rendered":"\n<figure class=\"wp-block-pullquote\"><blockquote><p>El t\u00edtulo fue otorgado al mexicano por el Consejo de Dise\u00f1adores de Moda de Estados Unidos.<\/p><\/blockquote><\/figure>\n\n\n\n<p class=\"has-drop-cap\">Peso Pluma fue nombrado de manera oficial como embajador de la Semana de la Moda de New York (NYFW), convirti\u00e9ndose en el primer artista mexicano en recibir este t\u00edtulo.<br><\/p>\n\n\n\n<p>El anuncio fue realizado por el Consejo de Dise\u00f1adores de Moda de Estados Unidos (CFDA), que subray\u00f3 el papel del m\u00fasico como un s\u00edmbolo de la creciente influencia de la cultura latina en el panorama global de la moda.<br><\/p>\n\n\n\n<p>Con 26 a\u00f1os, Peso Pluma es uno de los m\u00e1ximos exponentes de los corridos tumbados y el trap latino, y ahora pasar\u00e1 a la historia como el primer embajador de origen mexicano de la NYFW.<br><\/p>\n\n\n\n<p>El CFDA explic\u00f3 en un comunicado que la elecci\u00f3n de Peso Pluma responde a su capacidad de trascender fronteras musicales y conectar con la moda como veh\u00edculo de identidad cultural.<br><\/p>\n\n\n\n<p>\u201cEste nombramiento convierte a Peso en la imagen de la NYFW y en un s\u00edmbolo de la creciente influencia de la m\u00fasica y la cultura latinas en el panorama mundial de la moda\u201d, apunt\u00f3 el organismo.<br><\/p>\n\n\n\n<p>Como embajador, Peso Pluma participar\u00e1 en la apertura oficial de la temporada primavera-verano 2026, programada para el pr\u00f3ximo 11 de septiembre en Nueva York.<br><\/p>\n\n\n\n<p>Estar\u00e1 acompa\u00f1ado por figuras como Thom Browne, presidente del CFDA; los dise\u00f1adores Michael Kors y Anna Sui; la modelo Anok Yai y la cantante puertorrique\u00f1a Young Miko.<br><\/p>\n\n\n\n<p>El cantante tapat\u00edo tambi\u00e9n formar\u00e1 parte de NYFW Live, un evento celebrado en el Rockefeller Center, que retransmite en directo las colecciones de los principales dise\u00f1adores estadounidenses durante la semana.<br><\/p>\n\n\n\n<p>Esta plataforma busca acercar la moda a una audiencia global y subraya el papel de la m\u00fasica en la construcci\u00f3n de narrativas culturales.<br><\/p>\n\n\n\n<p>El cantante Peso Pluma, es originario de Guadalajara, Jalisco, alcanz\u00f3 fama mundial en 2023 gracias a \u00e9xitos como Ella Baila Sola. Desde entonces, ha acumulado m\u00e1s de 38 millones de oyentes mensuales en Spotify y se consolid\u00f3 como uno de los artistas mexicanos m\u00e1s escuchados de la historia.<br><\/p>\n\n\n\n<p>Fue en 2024, cuando gan\u00f3 un Grammy al mejor \u00e1lbum de m\u00fasica mexicana, un reconocimiento que reforz\u00f3 su influencia cultural m\u00e1s all\u00e1 de la m\u00fasica regional.<br><\/p>\n\n\n\n<p>En febrero de este a\u00f1o, el cantante hab\u00eda asistido como invitado al desfile oto\u00f1o-invierno de Thom Browne en Nueva York, lo que anticipaba su cercan\u00eda con el mundo de la moda.<br><\/p>\n\n\n\n<p>La edici\u00f3n de septiembre de la Semana de la Moda contar\u00e1 con dise\u00f1adores como Michael Kors y Calvin Klein, aunque destacar\u00e1 la ausencia de veteranos como Carolina Herrera, Tommy Hilfiger y Ralph Lauren.<br><\/p>\n\n\n\n<p>Esta combinaci\u00f3n de relevos generacionales y nuevas voces hace a\u00fan m\u00e1s significativa la presencia de Peso Pluma como embajador de un evento en constante transformaci\u00f3n.<\/p>\n","protected":false},"excerpt":{"rendered":"<p>El t\u00edtulo fue otorgado al mexicano por el Consejo de Dise\u00f1adores de Moda de Estados Unidos. Peso Pluma fue nombrado de manera oficial como embajador de la Semana de la Moda de New York (NYFW), convirti\u00e9ndose en el primer artista mexicano en recibir este t\u00edtulo. El anuncio fue realizado por el Consejo de Dise\u00f1adores de [&hellip;]<\/p>\n","protected":false},"author":1,"featured_media":92377,"comment_status":"closed","ping_status":"closed","sticky":false,"template":"","format":"standard","meta":{"footnotes":""},"categories":[30,39],"tags":[],"class_list":["post-92376","post","type-post","status-publish","format-standard","has-post-thumbnail","hentry","category-destacado","category-espectaculos"],"_links":{"self":[{"href":"https:\/\/elinformante.mx\/index.php?rest_route=\/wp\/v2\/posts\/92376","targetHints":{"allow":["GET"]}}],"collection":[{"href":"https:\/\/elinformante.mx\/index.php?rest_route=\/wp\/v2\/posts"}],"about":[{"href":"https:\/\/elinformante.mx\/index.php?rest_route=\/wp\/v2\/types\/post"}],"author":[{"embeddable":true,"href":"https:\/\/elinformante.mx\/index.php?rest_route=\/wp\/v2\/users\/1"}],"replies":[{"embeddable":true,"href":"https:\/\/elinformante.mx\/index.php?rest_route=%2Fwp%2Fv2%2Fcomments&post=92376"}],"version-history":[{"count":0,"href":"https:\/\/elinformante.mx\/index.php?rest_route=\/wp\/v2\/posts\/92376\/revisions"}],"wp:featuredmedia":[{"embeddable":true,"href":"https:\/\/elinformante.mx\/index.php?rest_route=\/wp\/v2\/media\/92377"}],"wp:attachment":[{"href":"https:\/\/elinformante.mx\/index.php?rest_route=%2Fwp%2Fv2%2Fmedia&parent=92376"}],"wp:term":[{"taxonomy":"category","embeddable":true,"href":"https:\/\/elinformante.mx\/index.php?rest_route=%2Fwp%2Fv2%2Fcategories&post=92376"},{"taxonomy":"post_tag","embeddable":true,"href":"https:\/\/elinformante.mx\/index.php?rest_route=%2Fwp%2Fv2%2Ftags&post=92376"}],"curies":[{"name":"wp","href":"https:\/\/api.w.org\/{rel}","templated":true}]}}