{"id":92387,"date":"2025-09-09T05:54:19","date_gmt":"2025-09-09T11:54:19","guid":{"rendered":"https:\/\/elinformante.mx\/?p=92387"},"modified":"2025-09-09T05:54:28","modified_gmt":"2025-09-09T11:54:28","slug":"adolfo-solis-y-upvt-firman-convenio-de-colaboracion","status":"publish","type":"post","link":"https:\/\/elinformante.mx\/?p=92387","title":{"rendered":"Adolfo Sol\u00eds y UPVT firman convenio de colaboraci\u00f3n"},"content":{"rendered":"\n<figure class=\"wp-block-pullquote\"><blockquote><p>Este convenio permitir\u00e1 a los j\u00f3venes universitarios de Almoloya de Ju\u00e1rez poder realizar servicio social, estancias y estad\u00edas en el Ayuntamiento.<\/p><\/blockquote><\/figure>\n\n\n\n<p class=\"has-drop-cap\">En el municipio de Almoloya de Ju\u00e1rez, el presidente municipal Adolfo Sol\u00eds contin\u00faa trabajando en pro de brindar a los j\u00f3venes del municipio m\u00e1s oportunidades, para poder seguir estudiando y desarrollarse en el \u00e1mbito estudiantil<br><\/p>\n\n\n\n<p>Por esta raz\u00f3n, Adolfo Sol\u00eds firm\u00f3 con la Dra. Alicia Pineda Santos, representante de la Universidad Polit\u00e9cnica del Valle de Toluca (UPVT) un convenio de colaboraci\u00f3n.<br><\/p>\n\n\n\n<p>Este convenio, se\u00f1al\u00f3 Sol\u00eds, permitir\u00e1 a los j\u00f3venes universitarios de Almoloya de Ju\u00e1rez poder realizar servicio social, estancias y estad\u00edas en el Ayuntamiento.<br><\/p>\n\n\n\n<figure class=\"wp-block-image size-large\"><img fetchpriority=\"high\" decoding=\"async\" width=\"1024\" height=\"506\" src=\"https:\/\/elinformante.mx\/wp-content\/uploads\/2025\/09\/12almo-1-1024x506.jpg\" alt=\"\" class=\"wp-image-92389\" srcset=\"https:\/\/elinformante.mx\/wp-content\/uploads\/2025\/09\/12almo-1-1024x506.jpg 1024w, https:\/\/elinformante.mx\/wp-content\/uploads\/2025\/09\/12almo-1-300x148.jpg 300w, https:\/\/elinformante.mx\/wp-content\/uploads\/2025\/09\/12almo-1-768x379.jpg 768w, https:\/\/elinformante.mx\/wp-content\/uploads\/2025\/09\/12almo-1.jpg 1140w\" sizes=\"(max-width: 1024px) 100vw, 1024px\" \/><\/figure>\n\n\n\n<p>Mencion\u00f3 que se tiene previsto que los universitarios encuentren un espacio para obtener experiencia y aportar sus conocimientos al servicio de la sociedad.<br><\/p>\n\n\n\n<p>Argument\u00f3 que con este acuerdo, se impulsa no solo su formaci\u00f3n acad\u00e9mica; tambi\u00e9n la profesional, adem\u00e1s de poder sumar su talento al desarrollo de nuestro municipio.<br><\/p>\n\n\n\n<p>La Dra. Alicia Pineda recalc\u00f3 la relevancia de los Programas Educativos que ofrece la UPVT, enfatizando su calidad acad\u00e9mica y el impacto que generan en la sociedad.<br><\/p>\n\n\n\n<p>En ella, resalt\u00f3 que los programas est\u00e1n dise\u00f1ados para responder a las necesidades actuales y futuras del mercado laboral, asegurando que los egresados est\u00e9n preparados para enfrentar los desaf\u00edos de un mundo en constante evoluci\u00f3n, as\u00ed como recalcar el compromiso de nuestra Casa de Estudios en el crecimiento de los estudiantes.<\/p>\n","protected":false},"excerpt":{"rendered":"<p>Este convenio permitir\u00e1 a los j\u00f3venes universitarios de Almoloya de Ju\u00e1rez poder realizar servicio social, estancias y estad\u00edas en el Ayuntamiento. En el municipio de Almoloya de Ju\u00e1rez, el presidente municipal Adolfo Sol\u00eds contin\u00faa trabajando en pro de brindar a los j\u00f3venes del municipio m\u00e1s oportunidades, para poder seguir estudiando y desarrollarse en el \u00e1mbito [&hellip;]<\/p>\n","protected":false},"author":1,"featured_media":92388,"comment_status":"closed","ping_status":"closed","sticky":false,"template":"","format":"standard","meta":{"footnotes":""},"categories":[36],"tags":[],"class_list":["post-92387","post","type-post","status-publish","format-standard","has-post-thumbnail","hentry","category-edomex"],"_links":{"self":[{"href":"https:\/\/elinformante.mx\/index.php?rest_route=\/wp\/v2\/posts\/92387","targetHints":{"allow":["GET"]}}],"collection":[{"href":"https:\/\/elinformante.mx\/index.php?rest_route=\/wp\/v2\/posts"}],"about":[{"href":"https:\/\/elinformante.mx\/index.php?rest_route=\/wp\/v2\/types\/post"}],"author":[{"embeddable":true,"href":"https:\/\/elinformante.mx\/index.php?rest_route=\/wp\/v2\/users\/1"}],"replies":[{"embeddable":true,"href":"https:\/\/elinformante.mx\/index.php?rest_route=%2Fwp%2Fv2%2Fcomments&post=92387"}],"version-history":[{"count":0,"href":"https:\/\/elinformante.mx\/index.php?rest_route=\/wp\/v2\/posts\/92387\/revisions"}],"wp:featuredmedia":[{"embeddable":true,"href":"https:\/\/elinformante.mx\/index.php?rest_route=\/wp\/v2\/media\/92388"}],"wp:attachment":[{"href":"https:\/\/elinformante.mx\/index.php?rest_route=%2Fwp%2Fv2%2Fmedia&parent=92387"}],"wp:term":[{"taxonomy":"category","embeddable":true,"href":"https:\/\/elinformante.mx\/index.php?rest_route=%2Fwp%2Fv2%2Fcategories&post=92387"},{"taxonomy":"post_tag","embeddable":true,"href":"https:\/\/elinformante.mx\/index.php?rest_route=%2Fwp%2Fv2%2Ftags&post=92387"}],"curies":[{"name":"wp","href":"https:\/\/api.w.org\/{rel}","templated":true}]}}