{"id":92390,"date":"2025-09-09T06:02:22","date_gmt":"2025-09-09T12:02:22","guid":{"rendered":"https:\/\/elinformante.mx\/?p=92390"},"modified":"2025-09-09T06:02:32","modified_gmt":"2025-09-09T12:02:32","slug":"trabajar-por-la-seguridad-y-la-tranquilidad-de-las-familias-atenquenses-ana-muniz","status":"publish","type":"post","link":"https:\/\/elinformante.mx\/?p=92390","title":{"rendered":"Trabajar por la seguridad y la tranquilidad de las familias atenquenses: Ana Mu\u00f1iz"},"content":{"rendered":"\n<figure class=\"wp-block-pullquote\"><blockquote><p>Se revisaron avances operativos y se definieron acciones conjuntas para prevenir el delito y garantizar entornos m\u00e1s seguros.<\/p><\/blockquote><\/figure>\n\n\n\n<p class=\"has-drop-cap\">La presidenta municipal de San Mateo Atenco, Ana Mu\u00f1iz Neyra, dio seguimiento junto con su cabildo y autoridades de los tres niveles de gobierno a los trabajos de la Mesa de Coordinaci\u00f3n para la Construcci\u00f3n de la Paz de la Regi\u00f3n XV Metepec,<br><\/p>\n\n\n\n<p>Esta estrategia coordinada con los tres niveles de gobierno busca que las familias atenquenses y de la regi\u00f3n vivan tranquilas y en paz.<br><\/p>\n\n\n\n<p>Durante la sesi\u00f3n se revisaron avances operativos y se definieron acciones conjuntas para prevenir el delito y garantizar entornos m\u00e1s seguros.<br><\/p>\n\n\n\n<figure class=\"wp-block-image size-large\"><img fetchpriority=\"high\" decoding=\"async\" width=\"1024\" height=\"506\" src=\"https:\/\/elinformante.mx\/wp-content\/uploads\/2025\/09\/12mateo-2-1-1024x506.jpg\" alt=\"\" class=\"wp-image-92392\" srcset=\"https:\/\/elinformante.mx\/wp-content\/uploads\/2025\/09\/12mateo-2-1-1024x506.jpg 1024w, https:\/\/elinformante.mx\/wp-content\/uploads\/2025\/09\/12mateo-2-1-300x148.jpg 300w, https:\/\/elinformante.mx\/wp-content\/uploads\/2025\/09\/12mateo-2-1-768x379.jpg 768w, https:\/\/elinformante.mx\/wp-content\/uploads\/2025\/09\/12mateo-2-1.jpg 1140w\" sizes=\"(max-width: 1024px) 100vw, 1024px\" \/><\/figure>\n\n\n\n<p>Mu\u00f1iz Neyra reiter\u00f3 el compromiso de su administraci\u00f3n con la coordinaci\u00f3n interinstitucional para consolidar comunidades en paz.<br><\/p>\n\n\n\n<p>Desde el Gobierno Municipal de San Mateo Atenco seguimos sumando esfuerzos y trabajando por tu seguridad, se\u00f1al\u00f3 Mu\u00f1iz Neyra<br><\/p>\n\n\n\n<p>Afirm\u00f3 que los trabajos realizados en las Mesas de Coordinaci\u00f3n para la Construcci\u00f3n de la Paz permiten evaluar resultados, reforzar operativos y generar acuerdos entre corporaciones federales, estatales y municipales.<br><\/p>\n\n\n\n<p>Adem\u00e1s reconoci\u00f3 el trabajo de la Gobernadora Delfina G\u00f3mez \u00c1lvarez, cuya estrategia de seguridad ha logrado la disminuci\u00f3n significativa de varios delitos en el municipio y la entidad.<\/p>\n","protected":false},"excerpt":{"rendered":"<p>Se revisaron avances operativos y se definieron acciones conjuntas para prevenir el delito y garantizar entornos m\u00e1s seguros. La presidenta municipal de San Mateo Atenco, Ana Mu\u00f1iz Neyra, dio seguimiento junto con su cabildo y autoridades de los tres niveles de gobierno a los trabajos de la Mesa de Coordinaci\u00f3n para la Construcci\u00f3n de la [&hellip;]<\/p>\n","protected":false},"author":1,"featured_media":92391,"comment_status":"closed","ping_status":"closed","sticky":false,"template":"","format":"standard","meta":{"footnotes":""},"categories":[30,36],"tags":[],"class_list":["post-92390","post","type-post","status-publish","format-standard","has-post-thumbnail","hentry","category-destacado","category-edomex"],"_links":{"self":[{"href":"https:\/\/elinformante.mx\/index.php?rest_route=\/wp\/v2\/posts\/92390","targetHints":{"allow":["GET"]}}],"collection":[{"href":"https:\/\/elinformante.mx\/index.php?rest_route=\/wp\/v2\/posts"}],"about":[{"href":"https:\/\/elinformante.mx\/index.php?rest_route=\/wp\/v2\/types\/post"}],"author":[{"embeddable":true,"href":"https:\/\/elinformante.mx\/index.php?rest_route=\/wp\/v2\/users\/1"}],"replies":[{"embeddable":true,"href":"https:\/\/elinformante.mx\/index.php?rest_route=%2Fwp%2Fv2%2Fcomments&post=92390"}],"version-history":[{"count":0,"href":"https:\/\/elinformante.mx\/index.php?rest_route=\/wp\/v2\/posts\/92390\/revisions"}],"wp:featuredmedia":[{"embeddable":true,"href":"https:\/\/elinformante.mx\/index.php?rest_route=\/wp\/v2\/media\/92391"}],"wp:attachment":[{"href":"https:\/\/elinformante.mx\/index.php?rest_route=%2Fwp%2Fv2%2Fmedia&parent=92390"}],"wp:term":[{"taxonomy":"category","embeddable":true,"href":"https:\/\/elinformante.mx\/index.php?rest_route=%2Fwp%2Fv2%2Fcategories&post=92390"},{"taxonomy":"post_tag","embeddable":true,"href":"https:\/\/elinformante.mx\/index.php?rest_route=%2Fwp%2Fv2%2Ftags&post=92390"}],"curies":[{"name":"wp","href":"https:\/\/api.w.org\/{rel}","templated":true}]}}