{"id":92393,"date":"2025-09-09T06:07:21","date_gmt":"2025-09-09T12:07:21","guid":{"rendered":"https:\/\/elinformante.mx\/?p=92393"},"modified":"2025-09-09T06:07:29","modified_gmt":"2025-09-09T12:07:29","slug":"fernando-flores-reconoce-al-sector-restaurantero-de-metepec","status":"publish","type":"post","link":"https:\/\/elinformante.mx\/?p=92393","title":{"rendered":"Fernando Flores reconoce al sector restaurantero de Metepec"},"content":{"rendered":"\n<figure class=\"wp-block-pullquote\"><blockquote><p>En Metepec se reconoce y se impulsa a las y los m\u00e1s de 2,000 restauranteros que han cre\u00eddo en el municipio.<\/p><\/blockquote><\/figure>\n\n\n\n<p class=\"has-drop-cap\">En el municipio de Metepec, el presidente municipal ha se\u00f1alado que se alberga 14 mil unidades econ\u00f3micas; adem\u00e1s de proyectar y alcanzar 20 mil unidades micro, peque\u00f1as, medianas y grandes, pertenecientes a diversos sectores.<br><\/p>\n\n\n\n<p>El 14% de estas corresponden al sector restaurantero, posicionando a Metepec como uno de los municipios predilectos de la Zona Metropolitana del Valle de Toluca para el esparcimiento.<br><\/p>\n\n\n\n<p>Flores Fern\u00e1ndez se\u00f1al\u00f3 que en Metepec se reconoce y se impulsa a las y los m\u00e1s de 2,000 restauranteros que han cre\u00eddo en el municipio.<br><\/p>\n\n\n\n<p>Menciono que Metepec es el municipio con el mayor n\u00famero de restaurantes, con 2000, desde chiquitos a grandes.<br><\/p>\n\n\n\n<p>Invit\u00f3 a todos aquellos que deseen convertirse en restauranteros a trabajar con las dos manos, con el coraz\u00f3n, como lo hacen los metepequenses.<br><\/p>\n\n\n\n<p>Record\u00f3 que el municipio tambi\u00e9n cuenta con el programa de la Carpeta Empresarial, que es una herramienta que facilita los tr\u00e1mites para quienes desean invertir en Metepec, eliminando procesos burocr\u00e1ticos y otorgando certeza a los empresarios.<br><\/p>\n\n\n\n<p>Se\u00f1al\u00f3 que gracias a esta Carpeta Empresarial, en Metepec, se puede abrir una empresa en 24 horas; mediante este sistema los empresarios realizan el tr\u00e1mite una sola vez; se registra, se digitaliza y, con ello, ya no es necesario volver a realizar m\u00e1s gestiones.<br><\/p>\n\n\n\n<p>En el municipio todav\u00eda contamos con las condiciones para crecer de manera ordenada, conforme a la norma y sin generar afectaciones, finaliz\u00f3.<\/p>\n","protected":false},"excerpt":{"rendered":"<p>En Metepec se reconoce y se impulsa a las y los m\u00e1s de 2,000 restauranteros que han cre\u00eddo en el municipio. En el municipio de Metepec, el presidente municipal ha se\u00f1alado que se alberga 14 mil unidades econ\u00f3micas; adem\u00e1s de proyectar y alcanzar 20 mil unidades micro, peque\u00f1as, medianas y grandes, pertenecientes a diversos sectores. [&hellip;]<\/p>\n","protected":false},"author":1,"featured_media":92394,"comment_status":"closed","ping_status":"closed","sticky":false,"template":"","format":"standard","meta":{"footnotes":""},"categories":[36],"tags":[],"class_list":["post-92393","post","type-post","status-publish","format-standard","has-post-thumbnail","hentry","category-edomex"],"_links":{"self":[{"href":"https:\/\/elinformante.mx\/index.php?rest_route=\/wp\/v2\/posts\/92393","targetHints":{"allow":["GET"]}}],"collection":[{"href":"https:\/\/elinformante.mx\/index.php?rest_route=\/wp\/v2\/posts"}],"about":[{"href":"https:\/\/elinformante.mx\/index.php?rest_route=\/wp\/v2\/types\/post"}],"author":[{"embeddable":true,"href":"https:\/\/elinformante.mx\/index.php?rest_route=\/wp\/v2\/users\/1"}],"replies":[{"embeddable":true,"href":"https:\/\/elinformante.mx\/index.php?rest_route=%2Fwp%2Fv2%2Fcomments&post=92393"}],"version-history":[{"count":0,"href":"https:\/\/elinformante.mx\/index.php?rest_route=\/wp\/v2\/posts\/92393\/revisions"}],"wp:featuredmedia":[{"embeddable":true,"href":"https:\/\/elinformante.mx\/index.php?rest_route=\/wp\/v2\/media\/92394"}],"wp:attachment":[{"href":"https:\/\/elinformante.mx\/index.php?rest_route=%2Fwp%2Fv2%2Fmedia&parent=92393"}],"wp:term":[{"taxonomy":"category","embeddable":true,"href":"https:\/\/elinformante.mx\/index.php?rest_route=%2Fwp%2Fv2%2Fcategories&post=92393"},{"taxonomy":"post_tag","embeddable":true,"href":"https:\/\/elinformante.mx\/index.php?rest_route=%2Fwp%2Fv2%2Ftags&post=92393"}],"curies":[{"name":"wp","href":"https:\/\/api.w.org\/{rel}","templated":true}]}}