{"id":92398,"date":"2025-09-09T06:11:16","date_gmt":"2025-09-09T12:11:16","guid":{"rendered":"https:\/\/elinformante.mx\/?p=92398"},"modified":"2025-09-09T06:11:21","modified_gmt":"2025-09-09T12:11:21","slug":"pese-a-paridad-aun-hay-deudas-con-las-comunidades-indigenas-amalia-pulido","status":"publish","type":"post","link":"https:\/\/elinformante.mx\/?p=92398","title":{"rendered":"Pese a paridad, a\u00fan hay deudas con las comunidades ind\u00edgenas: Amalia Pulido"},"content":{"rendered":"\n<figure class=\"wp-block-pullquote\"><blockquote><p>-La Consejera Presidenta del IEEM afirm\u00f3 que la instituci\u00f3n trabaja para favorecer la inclusi\u00f3n y la democracia.<\/p><\/blockquote><\/figure>\n\n\n\n<p class=\"has-drop-cap\">La Consejera Presidenta del Instituto Electoral del Estado de M\u00e9xico (IEEM), Amalia Pulido G\u00f3mez, durante la charla: Participar con identidad: experiencias ind\u00edgenas para una representaci\u00f3n pol\u00edtica multicultural, se\u00f1al\u00f3 que, si bien la paridad de g\u00e9nero puede considerarse un logro en t\u00e9rminos de representaci\u00f3n num\u00e9rica, a\u00fan persiste una deuda con las comunidades ind\u00edgenas, afromexiquenses, personas con discapacidad y de la diversidad sexual.<br><\/p>\n\n\n\n<p>Afirm\u00f3 que, a lo largo de casi tres d\u00e9cadas, el IEEM ha impulsado una ruta de inclusi\u00f3n, resaltando la importancia de contar con instituciones que aporten su experiencia en favor de las mejores causas de la democracia mexicana.<br><\/p>\n\n\n\n<p>Pulido G\u00f3mez record\u00f3 que en 2024 se dio un paso relevante en el Estado de M\u00e9xico con la implementaci\u00f3n de medidas de nivelaci\u00f3n y una Consulta Previa, Libre e Informada que visibiliz\u00f3 a m\u00e1s de 11% de la poblaci\u00f3n del estado, \u201cuna proporci\u00f3n significativa como para seguir siendo invisibilizada\u201d, puntualiz\u00f3.<br><\/p>\n\n\n\n<p>Destac\u00f3 que esta charla busca difundir las experiencias de los pueblos y comunidades ind\u00edgenas en su acceso a la vida pol\u00edtica y p\u00fablica, con el fin de construir mejores pr\u00e1cticas en el ejercicio de los derechos pol\u00edtico-electorales. Subray\u00f3 que la inclusi\u00f3n no es una concesi\u00f3n, sino un derecho que fortalece la democracia y permite construir nuevas formas de hacer pol\u00edtica desde la diversidad.<br><\/p>\n\n\n\n<p>La Consejera Electoral, Sayonara Flores Palacios present\u00f3 la semblanza curricular de la ponente Laura Hern\u00e1ndez P\u00e9rez y destac\u00f3 que los avances alcanzados en materia de derechos no han sido ventajas otorgadas a los grupos ind\u00edgenas, sino el resultado de las luchas emprendidas por mujeres, hombres, j\u00f3venes, campesinos y estudiantes a lo largo del tiempo.<br><\/p>\n\n\n\n<p>Iinvitaron a las instituciones a estar alertas con la pr\u00e1ctica de usurpaci\u00f3n de candidaturas ind\u00edgenas y propuso que, a partir de medidas integrales, los propios pueblos ind\u00edgenas avalen sus candidaturas y no las instituciones; \u00e9stas \u00faltimas, por otro lado, al momento de definir los distritos electorales, deben tomar en cuenta que los territorios ind\u00edgenas no son fijos, pues, por diferentes circunstancias se han visto forzados al desplazamiento o a migraciones.<br><\/p>\n\n\n\n<p>La Consejera Electoral, July Erika Armenta Paulino se\u00f1al\u00f3 que, m\u00e1s all\u00e1 de lo institucional, los asuntos relacionados con los pueblos ind\u00edgenas a menudo se perciben como distantes o ajenos; sin embargo, subray\u00f3 que es fundamental entenderlos como un ejercicio de coexistencia y respeto. En este sentido, destac\u00f3 la importancia de espacios como esta charla, que permiten reflexionar y asumir que no basta con cumplir la normativa o implementar acciones; tambi\u00e9n es indispensable resignificar las relaciones con estos grupos, reconoci\u00e9ndolos como parte integral de la comunidad.<br><\/p>\n\n\n\n<p>En la charla estuvieron presentes la Consejera Electoral del IEEM, Flor Angeli Vieyra V\u00e1zquez, Directoras, Directores, Jefas y Jefes de Unidad, del \u00f3rgano electoral, as\u00ed como servidoras y servidores electorales del IEEM, adem\u00e1s de Araceli Casasola Salazar, representante propietaria ante el IEEM del Partido de la Revoluci\u00f3n Democr\u00e1tica Estado de M\u00e9xico y representaciones de organizaciones sociales.<\/p>\n","protected":false},"excerpt":{"rendered":"<p>-La Consejera Presidenta del IEEM afirm\u00f3 que la instituci\u00f3n trabaja para favorecer la inclusi\u00f3n y la democracia. La Consejera Presidenta del Instituto Electoral del Estado de M\u00e9xico (IEEM), Amalia Pulido G\u00f3mez, durante la charla: Participar con identidad: experiencias ind\u00edgenas para una representaci\u00f3n pol\u00edtica multicultural, se\u00f1al\u00f3 que, si bien la paridad de g\u00e9nero puede considerarse un [&hellip;]<\/p>\n","protected":false},"author":1,"featured_media":92399,"comment_status":"closed","ping_status":"closed","sticky":false,"template":"","format":"standard","meta":{"footnotes":""},"categories":[36],"tags":[],"class_list":["post-92398","post","type-post","status-publish","format-standard","has-post-thumbnail","hentry","category-edomex"],"_links":{"self":[{"href":"https:\/\/elinformante.mx\/index.php?rest_route=\/wp\/v2\/posts\/92398","targetHints":{"allow":["GET"]}}],"collection":[{"href":"https:\/\/elinformante.mx\/index.php?rest_route=\/wp\/v2\/posts"}],"about":[{"href":"https:\/\/elinformante.mx\/index.php?rest_route=\/wp\/v2\/types\/post"}],"author":[{"embeddable":true,"href":"https:\/\/elinformante.mx\/index.php?rest_route=\/wp\/v2\/users\/1"}],"replies":[{"embeddable":true,"href":"https:\/\/elinformante.mx\/index.php?rest_route=%2Fwp%2Fv2%2Fcomments&post=92398"}],"version-history":[{"count":0,"href":"https:\/\/elinformante.mx\/index.php?rest_route=\/wp\/v2\/posts\/92398\/revisions"}],"wp:featuredmedia":[{"embeddable":true,"href":"https:\/\/elinformante.mx\/index.php?rest_route=\/wp\/v2\/media\/92399"}],"wp:attachment":[{"href":"https:\/\/elinformante.mx\/index.php?rest_route=%2Fwp%2Fv2%2Fmedia&parent=92398"}],"wp:term":[{"taxonomy":"category","embeddable":true,"href":"https:\/\/elinformante.mx\/index.php?rest_route=%2Fwp%2Fv2%2Fcategories&post=92398"},{"taxonomy":"post_tag","embeddable":true,"href":"https:\/\/elinformante.mx\/index.php?rest_route=%2Fwp%2Fv2%2Ftags&post=92398"}],"curies":[{"name":"wp","href":"https:\/\/api.w.org\/{rel}","templated":true}]}}