{"id":92402,"date":"2025-09-09T06:15:33","date_gmt":"2025-09-09T12:15:33","guid":{"rendered":"https:\/\/elinformante.mx\/?p=92402"},"modified":"2025-09-09T06:15:37","modified_gmt":"2025-09-09T12:15:37","slug":"ramirez-ponce-plantea-realizar-obras-de-fondo-ante-emergencias-por-lluvias","status":"publish","type":"post","link":"https:\/\/elinformante.mx\/?p=92402","title":{"rendered":"Ram\u00edrez Ponce plantea realizar Obras de Fondo ante emergencias por lluvias"},"content":{"rendered":"\n<figure class=\"wp-block-pullquote\"><blockquote><p>Se requiere una fuerte inversi\u00f3n para resolver de fondo las problem\u00e1ticas.<\/p><\/blockquote><\/figure>\n\n\n\n<p class=\"has-drop-cap\">El presidente municipal de Lerma, Miguel \u00c1ngel Ram\u00edrez Ponce, se\u00f1al\u00f3 que la temporada de lluvias representa un reto importante para la administraci\u00f3n, pues existen al menos 12 puntos cr\u00edticos que requieren atenci\u00f3n prioritaria por los encharcamientos, inundaciones y baches que afectan a la poblaci\u00f3n.<br><\/p>\n\n\n\n<p>Y es que, afirm\u00f3, se requiere una fuerte inversi\u00f3n para resolver de fondo las problem\u00e1ticas.<br><\/p>\n\n\n\n<p>Destac\u00f3 que los puntos m\u00e1s delicados se ubican en la entrada a San Pedro Tultepec, el acceso al Parque Industrial, as\u00ed como en la colonia Guadalupe y en zonas lim\u00edtrofes con San Nicol\u00e1s.<br><\/p>\n\n\n\n<figure class=\"wp-block-image size-large\"><img fetchpriority=\"high\" decoding=\"async\" width=\"1024\" height=\"506\" src=\"https:\/\/elinformante.mx\/wp-content\/uploads\/2025\/09\/8ramirez-2-1024x506.jpg\" alt=\"\" class=\"wp-image-92404\" srcset=\"https:\/\/elinformante.mx\/wp-content\/uploads\/2025\/09\/8ramirez-2-1024x506.jpg 1024w, https:\/\/elinformante.mx\/wp-content\/uploads\/2025\/09\/8ramirez-2-300x148.jpg 300w, https:\/\/elinformante.mx\/wp-content\/uploads\/2025\/09\/8ramirez-2-768x379.jpg 768w, https:\/\/elinformante.mx\/wp-content\/uploads\/2025\/09\/8ramirez-2.jpg 1140w\" sizes=\"(max-width: 1024px) 100vw, 1024px\" \/><\/figure>\n\n\n\n<p>Mencion\u00f3 que se lleva trabajando desde febrero de este a\u00f1o en acciones de prevenci\u00f3n que han ayudado en varias \u00e1reas, pero tambi\u00e9n se requiere una fuerte inversi\u00f3n para resolver de fondo las problem\u00e1ticas.<br><\/p>\n\n\n\n<p>Detall\u00f3 que una obra para atender el acceso al Parque Industrial tendr\u00eda un costo superior a los 111 millones de pesos, mientras que el programa integral de mantenimiento y mejora de esta zona industrial asciende a 236 millones de pesos, monto que rebasa la capacidad financiera del municipio.<br><\/p>\n\n\n\n<p>Ram\u00edrez Ponce inform\u00f3 que ya present\u00f3 el proyecto a los empresarios del Parque Industrial y se mantiene en di\u00e1logo con el gobierno estatal con el objetivo de sumar esfuerzos.<br><\/p>\n\n\n\n<p>\u201cSe trata de que cada quien ponga su gotita de arena, tanto los industriales como el gobierno estatal, para que podamos tener un parque industrial en \u00f3ptimas condiciones y atender de ra\u00edz el problema de las lluvias\u201d, puntualiz\u00f3.<\/p>\n","protected":false},"excerpt":{"rendered":"<p>Se requiere una fuerte inversi\u00f3n para resolver de fondo las problem\u00e1ticas. El presidente municipal de Lerma, Miguel \u00c1ngel Ram\u00edrez Ponce, se\u00f1al\u00f3 que la temporada de lluvias representa un reto importante para la administraci\u00f3n, pues existen al menos 12 puntos cr\u00edticos que requieren atenci\u00f3n prioritaria por los encharcamientos, inundaciones y baches que afectan a la poblaci\u00f3n. [&hellip;]<\/p>\n","protected":false},"author":1,"featured_media":92403,"comment_status":"closed","ping_status":"closed","sticky":false,"template":"","format":"standard","meta":{"footnotes":""},"categories":[36],"tags":[],"class_list":["post-92402","post","type-post","status-publish","format-standard","has-post-thumbnail","hentry","category-edomex"],"_links":{"self":[{"href":"https:\/\/elinformante.mx\/index.php?rest_route=\/wp\/v2\/posts\/92402","targetHints":{"allow":["GET"]}}],"collection":[{"href":"https:\/\/elinformante.mx\/index.php?rest_route=\/wp\/v2\/posts"}],"about":[{"href":"https:\/\/elinformante.mx\/index.php?rest_route=\/wp\/v2\/types\/post"}],"author":[{"embeddable":true,"href":"https:\/\/elinformante.mx\/index.php?rest_route=\/wp\/v2\/users\/1"}],"replies":[{"embeddable":true,"href":"https:\/\/elinformante.mx\/index.php?rest_route=%2Fwp%2Fv2%2Fcomments&post=92402"}],"version-history":[{"count":0,"href":"https:\/\/elinformante.mx\/index.php?rest_route=\/wp\/v2\/posts\/92402\/revisions"}],"wp:featuredmedia":[{"embeddable":true,"href":"https:\/\/elinformante.mx\/index.php?rest_route=\/wp\/v2\/media\/92403"}],"wp:attachment":[{"href":"https:\/\/elinformante.mx\/index.php?rest_route=%2Fwp%2Fv2%2Fmedia&parent=92402"}],"wp:term":[{"taxonomy":"category","embeddable":true,"href":"https:\/\/elinformante.mx\/index.php?rest_route=%2Fwp%2Fv2%2Fcategories&post=92402"},{"taxonomy":"post_tag","embeddable":true,"href":"https:\/\/elinformante.mx\/index.php?rest_route=%2Fwp%2Fv2%2Ftags&post=92402"}],"curies":[{"name":"wp","href":"https:\/\/api.w.org\/{rel}","templated":true}]}}