{"id":92405,"date":"2025-09-09T06:19:44","date_gmt":"2025-09-09T12:19:44","guid":{"rendered":"https:\/\/elinformante.mx\/?p=92405"},"modified":"2025-09-09T06:20:16","modified_gmt":"2025-09-09T12:20:16","slug":"disminuyo-en-el-oriente-del-edomex-el-robo-de-vehiculos-un-50","status":"publish","type":"post","link":"https:\/\/elinformante.mx\/?p=92405","title":{"rendered":"Disminuy\u00f3 en el oriente del Edom\u00e9x el robo de veh\u00edculos un 50%"},"content":{"rendered":"\n<figure class=\"wp-block-pullquote\"><blockquote><p>-A 166 d\u00edas de la estrategia, tambi\u00e9n se redujo en 18.05% el homicidio doloso.<\/p><\/blockquote><\/figure>\n\n\n\n<p class=\"has-drop-cap\">A 166 d\u00edas de la puesta en marcha del Mando Unificado Oriente, se alcanz\u00f3 una disminuci\u00f3n del 50% en el robo de veh\u00edculo, en comparaci\u00f3n con los 166 d\u00edas previos al inicio de esta estrategia de seguridad.<br><\/p>\n\n\n\n<p>Durante la Mesa de Paz Estado de M\u00e9xico, encabezada por la Gobernadora Delfina G\u00f3mez, tambi\u00e9n se inform\u00f3 que el homicidio doloso se redujo 18.05% en el mismo periodo, lo que refleja avances importantes en la seguridad de la regi\u00f3n.<br><\/p>\n\n\n\n<p>La Gobernadora destac\u00f3 en sus redes sociales que el Gobierno de M\u00e9xico, el Estado de M\u00e9xico y los municipios trabajan de manera coordinada por la seguridad y la paz en esta zona.<br><\/p>\n\n\n\n<p>Previo a la sesi\u00f3n, se realiz\u00f3 una Ceremonia con Fuerzas Armadas, en la que se rindieron honores a la Bandera y se refrend\u00f3 el compromiso de seguir trabajando juntos por la tranquilidad de las familias mexiquenses.<br><\/p>\n\n\n\n<p>Cabe destacar que hoy participaron Coacalco, Cuautitl\u00e1n Izcalli y Cuautitl\u00e1n M\u00e9xico, y hoy sumaron 15 municipios en esta estrategia de seguridad.<br><\/p>\n\n\n\n<p>En la reuni\u00f3n participaron Horacio Duarte Olivares, Secretario General de Gobierno; Crist\u00f3bal Casta\u00f1eda Camarillo, Secretario de Seguridad estatal; Maricela L\u00f3pez Urbina, Secretaria T\u00e9cnica de la Mesa; Jos\u00e9 Luis Cervantes Mart\u00ednez, Fiscal General de Justicia del Estado de M\u00e9xico; as\u00ed como representantes de Defensa, Marina, Guardia Nacional y el Centro Nacional de Inteligencia.<\/p>\n","protected":false},"excerpt":{"rendered":"<p>-A 166 d\u00edas de la estrategia, tambi\u00e9n se redujo en 18.05% el homicidio doloso. A 166 d\u00edas de la puesta en marcha del Mando Unificado Oriente, se alcanz\u00f3 una disminuci\u00f3n del 50% en el robo de veh\u00edculo, en comparaci\u00f3n con los 166 d\u00edas previos al inicio de esta estrategia de seguridad. Durante la Mesa de [&hellip;]<\/p>\n","protected":false},"author":1,"featured_media":92406,"comment_status":"closed","ping_status":"closed","sticky":false,"template":"","format":"standard","meta":{"footnotes":""},"categories":[30,36],"tags":[],"class_list":["post-92405","post","type-post","status-publish","format-standard","has-post-thumbnail","hentry","category-destacado","category-edomex"],"_links":{"self":[{"href":"https:\/\/elinformante.mx\/index.php?rest_route=\/wp\/v2\/posts\/92405","targetHints":{"allow":["GET"]}}],"collection":[{"href":"https:\/\/elinformante.mx\/index.php?rest_route=\/wp\/v2\/posts"}],"about":[{"href":"https:\/\/elinformante.mx\/index.php?rest_route=\/wp\/v2\/types\/post"}],"author":[{"embeddable":true,"href":"https:\/\/elinformante.mx\/index.php?rest_route=\/wp\/v2\/users\/1"}],"replies":[{"embeddable":true,"href":"https:\/\/elinformante.mx\/index.php?rest_route=%2Fwp%2Fv2%2Fcomments&post=92405"}],"version-history":[{"count":0,"href":"https:\/\/elinformante.mx\/index.php?rest_route=\/wp\/v2\/posts\/92405\/revisions"}],"wp:featuredmedia":[{"embeddable":true,"href":"https:\/\/elinformante.mx\/index.php?rest_route=\/wp\/v2\/media\/92406"}],"wp:attachment":[{"href":"https:\/\/elinformante.mx\/index.php?rest_route=%2Fwp%2Fv2%2Fmedia&parent=92405"}],"wp:term":[{"taxonomy":"category","embeddable":true,"href":"https:\/\/elinformante.mx\/index.php?rest_route=%2Fwp%2Fv2%2Fcategories&post=92405"},{"taxonomy":"post_tag","embeddable":true,"href":"https:\/\/elinformante.mx\/index.php?rest_route=%2Fwp%2Fv2%2Ftags&post=92405"}],"curies":[{"name":"wp","href":"https:\/\/api.w.org\/{rel}","templated":true}]}}