{"id":92409,"date":"2025-09-09T06:30:37","date_gmt":"2025-09-09T12:30:37","guid":{"rendered":"https:\/\/elinformante.mx\/?p=92409"},"modified":"2025-09-09T06:30:49","modified_gmt":"2025-09-09T12:30:49","slug":"horacio-duarte-pide-a-transportistas-mantener-un-dialogo-responsable","status":"publish","type":"post","link":"https:\/\/elinformante.mx\/?p=92409","title":{"rendered":"Horacio Duarte pide a transportistas mantener un di\u00e1logo responsable"},"content":{"rendered":"\n<figure class=\"wp-block-pullquote\"><blockquote><p>El posible incremento en el transporte p\u00fablico mexiquense es un tema delicado, pues impacta directamente a millones de mexiquenses que se trasladan en combis, autobuses y microbuses en toda la entidad.<\/p><\/blockquote><\/figure>\n\n\n\n<p class=\"has-drop-cap\">En las \u00faltimas semanas la posibilidad de un posible incremento en las tarifas del transporte p\u00fablico en el Edom\u00e9x a\u00fan contin\u00faa en an\u00e1lisis dentro del Consejo Consultivo del Transporte, que es el \u00f3rgano responsable de emitir una resoluci\u00f3n con base en criterios t\u00e9cnicos y no pol\u00edticos, se\u00f1al\u00f3 el secretario General de Gobierno, Horacio Duarte Olivares.<br><\/p>\n\n\n\n<figure class=\"wp-block-image size-large\"><img fetchpriority=\"high\" decoding=\"async\" width=\"1024\" height=\"506\" src=\"https:\/\/elinformante.mx\/wp-content\/uploads\/2025\/09\/8horacio-2-1024x506.jpg\" alt=\"\" class=\"wp-image-92411\" srcset=\"https:\/\/elinformante.mx\/wp-content\/uploads\/2025\/09\/8horacio-2-1024x506.jpg 1024w, https:\/\/elinformante.mx\/wp-content\/uploads\/2025\/09\/8horacio-2-300x148.jpg 300w, https:\/\/elinformante.mx\/wp-content\/uploads\/2025\/09\/8horacio-2-768x379.jpg 768w, https:\/\/elinformante.mx\/wp-content\/uploads\/2025\/09\/8horacio-2.jpg 1140w\" sizes=\"(max-width: 1024px) 100vw, 1024px\" \/><\/figure>\n\n\n\n<p>Subray\u00f3 que el Gobierno estatal contin\u00faa manteniendo conversaciones con representantes del sector transportista, con quienes hasta el momento existe un buen entendimiento que pueda evitar medidas de presi\u00f3n como paros o bloqueos.<br><\/p>\n\n\n\n<p>Duarte Olivares se\u00f1al\u00f3 que este es un mecanismo legal, establecido en la ley, que faculta al Consejo del Transporte para revisar si procede o no un aumento a la tarifa. No depende directamente de la gobernadora ni del gabinete, sino de un \u00f3rgano aut\u00f3nomo creado para evitar decisiones con tintes pol\u00edticos, explic\u00f3.<br><\/p>\n\n\n\n<figure class=\"wp-block-image size-large\"><img decoding=\"async\" width=\"1024\" height=\"506\" src=\"https:\/\/elinformante.mx\/wp-content\/uploads\/2025\/09\/8horacio-4-1024x506.jpg\" alt=\"\" class=\"wp-image-92412\" srcset=\"https:\/\/elinformante.mx\/wp-content\/uploads\/2025\/09\/8horacio-4-1024x506.jpg 1024w, https:\/\/elinformante.mx\/wp-content\/uploads\/2025\/09\/8horacio-4-300x148.jpg 300w, https:\/\/elinformante.mx\/wp-content\/uploads\/2025\/09\/8horacio-4-768x379.jpg 768w, https:\/\/elinformante.mx\/wp-content\/uploads\/2025\/09\/8horacio-4.jpg 1140w\" sizes=\"(max-width: 1024px) 100vw, 1024px\" \/><\/figure>\n\n\n\n<p>Y es que al ser cuestionado, tras las amenazas de transportistas con nuevas movilizaciones y paros de servicio programados para cada lunes del mes de septiembre, en caso de no obtener una respuesta favorable a su solicitud de aumento tarifario, el secretario de Gobierno fue enf\u00e1tico al se\u00f1alar que no se trata de ceder ante presiones, sino de atender el tema con responsabilidad y en su debida instancia.<br><\/p>\n\n\n\n<p>Y mencion\u00f3 que no tiene ninguna postura, ni a favor o en contra; pero se revisar\u00e1 todo en conjunto, considerando el impacto econ\u00f3mico que podr\u00eda tener en el bolsillo de los usuarios, declar\u00f3.<br><\/p>\n\n\n\n<figure class=\"wp-block-image size-large\"><img decoding=\"async\" width=\"1024\" height=\"506\" src=\"https:\/\/elinformante.mx\/wp-content\/uploads\/2025\/09\/8horacio-5-1024x506.jpg\" alt=\"\" class=\"wp-image-92413\" srcset=\"https:\/\/elinformante.mx\/wp-content\/uploads\/2025\/09\/8horacio-5-1024x506.jpg 1024w, https:\/\/elinformante.mx\/wp-content\/uploads\/2025\/09\/8horacio-5-300x148.jpg 300w, https:\/\/elinformante.mx\/wp-content\/uploads\/2025\/09\/8horacio-5-768x379.jpg 768w, https:\/\/elinformante.mx\/wp-content\/uploads\/2025\/09\/8horacio-5.jpg 1140w\" sizes=\"(max-width: 1024px) 100vw, 1024px\" \/><\/figure>\n\n\n\n<p>Ante la posibilidad de que el Estado implemente un subsidio para amortiguar un eventual aumento, aclar\u00f3 que ese an\u00e1lisis corresponde a otras dependencias con competencia financiera, por lo que evit\u00f3 emitir una opini\u00f3n sobre la viabilidad de esa medida.<br><\/p>\n\n\n\n<p>El eventual ajuste tarifario al transporte p\u00fablico mexiquense es un tema de alta sensibilidad social, pues impacta directamente a millones de usuarios que diariamente se trasladan en combis, autobuses y microbuses en toda la entidad.<br><\/p>\n\n\n\n<figure class=\"wp-block-image size-large\"><img loading=\"lazy\" decoding=\"async\" width=\"1024\" height=\"506\" src=\"https:\/\/elinformante.mx\/wp-content\/uploads\/2025\/09\/8horacio-1024x506.jpg\" alt=\"\" class=\"wp-image-92414\" srcset=\"https:\/\/elinformante.mx\/wp-content\/uploads\/2025\/09\/8horacio-1024x506.jpg 1024w, https:\/\/elinformante.mx\/wp-content\/uploads\/2025\/09\/8horacio-300x148.jpg 300w, https:\/\/elinformante.mx\/wp-content\/uploads\/2025\/09\/8horacio-768x379.jpg 768w, https:\/\/elinformante.mx\/wp-content\/uploads\/2025\/09\/8horacio.jpg 1140w\" sizes=\"(max-width: 1024px) 100vw, 1024px\" \/><\/figure>\n\n\n\n<p>Reiter\u00f3 que cualquier decisi\u00f3n que se tome ser\u00e1 informada puntualmente a la ciudadan\u00eda y tendr\u00e1 que considerar el equilibrio entre las necesidades del sector transportista y la econom\u00eda familiar.<br><\/p>\n\n\n\n<p>El Consejo Consultivo del Transporte, que re\u00fane a autoridades, transportistas y especialistas del sector, continuar\u00e1 con el an\u00e1lisis en los pr\u00f3ximos d\u00edas.<\/p>\n","protected":false},"excerpt":{"rendered":"<p>El posible incremento en el transporte p\u00fablico mexiquense es un tema delicado, pues impacta directamente a millones de mexiquenses que se trasladan en combis, autobuses y microbuses en toda la entidad. En las \u00faltimas semanas la posibilidad de un posible incremento en las tarifas del transporte p\u00fablico en el Edom\u00e9x a\u00fan contin\u00faa en an\u00e1lisis dentro [&hellip;]<\/p>\n","protected":false},"author":1,"featured_media":92410,"comment_status":"closed","ping_status":"closed","sticky":false,"template":"","format":"standard","meta":{"footnotes":""},"categories":[30,36,31],"tags":[46],"class_list":["post-92409","post","type-post","status-publish","format-standard","has-post-thumbnail","hentry","category-destacado","category-edomex","category-portada","tag-portadaedomex"],"_links":{"self":[{"href":"https:\/\/elinformante.mx\/index.php?rest_route=\/wp\/v2\/posts\/92409","targetHints":{"allow":["GET"]}}],"collection":[{"href":"https:\/\/elinformante.mx\/index.php?rest_route=\/wp\/v2\/posts"}],"about":[{"href":"https:\/\/elinformante.mx\/index.php?rest_route=\/wp\/v2\/types\/post"}],"author":[{"embeddable":true,"href":"https:\/\/elinformante.mx\/index.php?rest_route=\/wp\/v2\/users\/1"}],"replies":[{"embeddable":true,"href":"https:\/\/elinformante.mx\/index.php?rest_route=%2Fwp%2Fv2%2Fcomments&post=92409"}],"version-history":[{"count":0,"href":"https:\/\/elinformante.mx\/index.php?rest_route=\/wp\/v2\/posts\/92409\/revisions"}],"wp:featuredmedia":[{"embeddable":true,"href":"https:\/\/elinformante.mx\/index.php?rest_route=\/wp\/v2\/media\/92410"}],"wp:attachment":[{"href":"https:\/\/elinformante.mx\/index.php?rest_route=%2Fwp%2Fv2%2Fmedia&parent=92409"}],"wp:term":[{"taxonomy":"category","embeddable":true,"href":"https:\/\/elinformante.mx\/index.php?rest_route=%2Fwp%2Fv2%2Fcategories&post=92409"},{"taxonomy":"post_tag","embeddable":true,"href":"https:\/\/elinformante.mx\/index.php?rest_route=%2Fwp%2Fv2%2Ftags&post=92409"}],"curies":[{"name":"wp","href":"https:\/\/api.w.org\/{rel}","templated":true}]}}