{"id":92420,"date":"2025-09-09T06:41:31","date_gmt":"2025-09-09T12:41:31","guid":{"rendered":"https:\/\/elinformante.mx\/?p=92420"},"modified":"2025-09-09T06:41:41","modified_gmt":"2025-09-09T12:41:41","slug":"supera-comision-de-busqueda-meta-de-100-mil-metros-cuadrados-ya-explorados","status":"publish","type":"post","link":"https:\/\/elinformante.mx\/?p=92420","title":{"rendered":"Supera Comisi\u00f3n de B\u00fasqueda meta de 100 mil metros cuadrados ya explorados"},"content":{"rendered":"\n<figure class=\"wp-block-pullquote\"><blockquote><p>Se realiz\u00f3 con la participaci\u00f3n de un promedio de 400 personas por d\u00eda<\/p><\/blockquote><\/figure>\n\n\n\n<p class=\"has-drop-cap\">La Comisi\u00f3n de B\u00fasqueda de la Ciudad de M\u00e9xico, en coordinaci\u00f3n con familiares de personas desaparecidas, fiscal\u00edas y fuerzas de seguridad locales, estatales y federales, superaron la meta de 100 mil metros cuadrados explorados en la zona conocida como Cola de Caballo, \u00c1rea Natural Protegida del municipio de Tlalnepantla, Estado de M\u00e9xico, colindante con la alcald\u00eda Gustavo A. Madero.<br><\/p>\n\n\n\n<p>Durante la jornada de b\u00fasqueda de este 8 de septiembre, en el punto mencionado, se sumaron 27 mil metros cuadrados de extensi\u00f3n explorada, lo que permiti\u00f3 alcanzar la meta de territorio a revisar en esa zona.<br><\/p>\n\n\n\n<p>El despliegue de exploraci\u00f3n del territorio cont\u00f3 con la participaci\u00f3n de 347 personas, entre ellas 38 familias y personas solidarias, cuyos esfuerzos permitieron, a su vez, cumplir con la premisa de mantener a menos de medio metro de distancia a cada buscador o buscadora.<br><\/p>\n\n\n\n<p>G\u00f3mez Negrete confirm\u00f3 que durante la jornada de este d\u00eda no se generaron nuevos hallazgos, lo que ha permitido descartar que haya indicios de persona alguna en las \u00e1reas en las que han caminado las personas buscadoras.<br><\/p>\n\n\n\n<p>El n\u00famero de hallazgos forense en los m\u00e1s de 100 mil metros cuadrados de b\u00fasqueda se mantiene en un n\u00famero de 10, y se estima un promedio de participaci\u00f3n de 400 personas por d\u00eda, donde destaca la colaboraci\u00f3n y coordinaci\u00f3n de instancias de seguridad y fiscal\u00edas locales, estatales y federales, y de colectivos y familiares de personas desaparecidas.<br><\/p>\n\n\n\n<p>Los esfuerzos de b\u00fasqueda en Cola de Caballo continuar\u00e1n por dos d\u00edas m\u00e1s, el 9 y 10 de septiembre, para posteriormente iniciar las labores en un nuevo punto de relevancia, por lo que llam\u00f3 a las y los participantes en la exploraci\u00f3n a seguir adelante.<br><\/p>\n\n\n\n<p>En el operativo de b\u00fasqueda fueron desplegados cuatro binomios caninos y un dron, que apoyaron las labores de las 374 personas pertenecientes a colectivos e instituciones como el Heroico Cuerpo de Bomberos local y de Tlalnepantla; uniformados de las polic\u00edas de la Ciudad de M\u00e9xico y del Estado de M\u00e9xico, y de las fiscal\u00edas capitalina, de la entidad mexiquense y de la Rep\u00fablica.<br><\/p>\n\n\n\n<p>Adem\u00e1s, polic\u00edas capitalinos y municipales de Ecatepec, Coacalco, Tultitl\u00e1n y Tlalnepantla; fuerzas del nivel federal como las Secretar\u00edas de la Defensa Nacional y Marina, el Ej\u00e9rcito Mexicano: junto a personal de la Jefatura de Gobierno de la Ciudad de M\u00e9xico, de Derechos Humanos, de atenci\u00f3n y de cuidado de \u00e1reas naturales.<\/p>\n","protected":false},"excerpt":{"rendered":"<p>Se realiz\u00f3 con la participaci\u00f3n de un promedio de 400 personas por d\u00eda La Comisi\u00f3n de B\u00fasqueda de la Ciudad de M\u00e9xico, en coordinaci\u00f3n con familiares de personas desaparecidas, fiscal\u00edas y fuerzas de seguridad locales, estatales y federales, superaron la meta de 100 mil metros cuadrados explorados en la zona conocida como Cola de Caballo, [&hellip;]<\/p>\n","protected":false},"author":1,"featured_media":92421,"comment_status":"closed","ping_status":"closed","sticky":false,"template":"","format":"standard","meta":{"footnotes":""},"categories":[35],"tags":[],"class_list":["post-92420","post","type-post","status-publish","format-standard","has-post-thumbnail","hentry","category-cdmx"],"_links":{"self":[{"href":"https:\/\/elinformante.mx\/index.php?rest_route=\/wp\/v2\/posts\/92420","targetHints":{"allow":["GET"]}}],"collection":[{"href":"https:\/\/elinformante.mx\/index.php?rest_route=\/wp\/v2\/posts"}],"about":[{"href":"https:\/\/elinformante.mx\/index.php?rest_route=\/wp\/v2\/types\/post"}],"author":[{"embeddable":true,"href":"https:\/\/elinformante.mx\/index.php?rest_route=\/wp\/v2\/users\/1"}],"replies":[{"embeddable":true,"href":"https:\/\/elinformante.mx\/index.php?rest_route=%2Fwp%2Fv2%2Fcomments&post=92420"}],"version-history":[{"count":0,"href":"https:\/\/elinformante.mx\/index.php?rest_route=\/wp\/v2\/posts\/92420\/revisions"}],"wp:featuredmedia":[{"embeddable":true,"href":"https:\/\/elinformante.mx\/index.php?rest_route=\/wp\/v2\/media\/92421"}],"wp:attachment":[{"href":"https:\/\/elinformante.mx\/index.php?rest_route=%2Fwp%2Fv2%2Fmedia&parent=92420"}],"wp:term":[{"taxonomy":"category","embeddable":true,"href":"https:\/\/elinformante.mx\/index.php?rest_route=%2Fwp%2Fv2%2Fcategories&post=92420"},{"taxonomy":"post_tag","embeddable":true,"href":"https:\/\/elinformante.mx\/index.php?rest_route=%2Fwp%2Fv2%2Ftags&post=92420"}],"curies":[{"name":"wp","href":"https:\/\/api.w.org\/{rel}","templated":true}]}}