{"id":92426,"date":"2025-09-09T06:51:04","date_gmt":"2025-09-09T12:51:04","guid":{"rendered":"https:\/\/elinformante.mx\/?p=92426"},"modified":"2025-09-09T06:51:45","modified_gmt":"2025-09-09T12:51:45","slug":"apuesta-mara-lezama-a-la-cultura-en-quintana-roo","status":"publish","type":"post","link":"https:\/\/elinformante.mx\/?p=92426","title":{"rendered":"Apuesta Mara Lezama a la cultura en Quintana Roo"},"content":{"rendered":"\n<figure class=\"wp-block-pullquote\"><blockquote><p>El nuevo teatro de la ciudad de Canc\u00fan ya lleva un 70% de avance, con m\u00e1s de 100 millones de pesos en inversi\u00f3n<\/p><\/blockquote><\/figure>\n\n\n\n<p class=\"has-drop-cap\">El Teatro de la Ciudad de Canc\u00fan lleva un 70 por ciento en su construcci\u00f3n, inform\u00f3 la gobernadora Mara Lezama Espinosa al indicar que se invierten m\u00e1s de 100 millones de pesos para que cancunenses y visitantes puedan disfrutar de obras de teatro locales y de compa\u00f1\u00edas nacionales e internacionales.<br><\/p>\n\n\n\n<p>Record\u00f3 que cuando fue presidenta municipal de Benito Ju\u00e1rez gestion\u00f3 ante el Gobierno de M\u00e9xico una parte de los recursos para hacer realidad el nuevo teatro para Canc\u00fan. Hoy, con el Nuevo Acuerdo por el Bienestar y Desarrollo de Quintana Roo este proyecto ya es una realidad.<br><\/p>\n\n\n\n<p>\u201cEn este nuevo gobierno del cambio verdadero apostamos a la cultura y por m\u00e1s espacios p\u00fablicos para nuestra gente\u201d, a\u00f1adi\u00f3 Mara Lezama.<br><\/p>\n\n\n\n<p>Este nuevo teatro implic\u00f3 la demolici\u00f3n total del edificio anterior, inconcluso, siniestrado y de defectuosa construcci\u00f3n, por lo que se hizo nueva obra y la intervenci\u00f3n de la fachada del Centro Cultural para hacer justicia al teatro.<br><\/p>\n\n\n\n<p>Ofrecer\u00e1 dos espacios para la realizaci\u00f3n de eventos esc\u00e9nicos, un auditorio con aforo para m\u00e1s de 650 espectadores, con un foro alternativo o \u201ccaja negra\u201d de car\u00e1cter polivalente.<br><\/p>\n\n\n\n<p>El vest\u00edbulo principal conforma una prolongaci\u00f3n de la plaza de acceso y la calle frontal, lo que permitir\u00e1 la extensi\u00f3n del vest\u00edbulo hacia \u00e1reas exteriores y el acceso, de manera independiente, al Centro Cultural.<br><\/p>\n\n\n\n<p>\u201cEn este Nuevo Acuerdo apostamos por m\u00e1s espacios p\u00fablicos para nuestra gente. Por espacios bien hechos, de gran nivel como lo que somos, el destino m\u00e1s importante de Latinoam\u00e9rica\u201d, concluy\u00f3.<\/p>\n","protected":false},"excerpt":{"rendered":"<p>El nuevo teatro de la ciudad de Canc\u00fan ya lleva un 70% de avance, con m\u00e1s de 100 millones de pesos en inversi\u00f3n El Teatro de la Ciudad de Canc\u00fan lleva un 70 por ciento en su construcci\u00f3n, inform\u00f3 la gobernadora Mara Lezama Espinosa al indicar que se invierten m\u00e1s de 100 millones de pesos [&hellip;]<\/p>\n","protected":false},"author":1,"featured_media":92427,"comment_status":"closed","ping_status":"closed","sticky":false,"template":"","format":"standard","meta":{"footnotes":""},"categories":[30,34],"tags":[],"class_list":["post-92426","post","type-post","status-publish","format-standard","has-post-thumbnail","hentry","category-destacado","category-nacional"],"_links":{"self":[{"href":"https:\/\/elinformante.mx\/index.php?rest_route=\/wp\/v2\/posts\/92426","targetHints":{"allow":["GET"]}}],"collection":[{"href":"https:\/\/elinformante.mx\/index.php?rest_route=\/wp\/v2\/posts"}],"about":[{"href":"https:\/\/elinformante.mx\/index.php?rest_route=\/wp\/v2\/types\/post"}],"author":[{"embeddable":true,"href":"https:\/\/elinformante.mx\/index.php?rest_route=\/wp\/v2\/users\/1"}],"replies":[{"embeddable":true,"href":"https:\/\/elinformante.mx\/index.php?rest_route=%2Fwp%2Fv2%2Fcomments&post=92426"}],"version-history":[{"count":0,"href":"https:\/\/elinformante.mx\/index.php?rest_route=\/wp\/v2\/posts\/92426\/revisions"}],"wp:featuredmedia":[{"embeddable":true,"href":"https:\/\/elinformante.mx\/index.php?rest_route=\/wp\/v2\/media\/92427"}],"wp:attachment":[{"href":"https:\/\/elinformante.mx\/index.php?rest_route=%2Fwp%2Fv2%2Fmedia&parent=92426"}],"wp:term":[{"taxonomy":"category","embeddable":true,"href":"https:\/\/elinformante.mx\/index.php?rest_route=%2Fwp%2Fv2%2Fcategories&post=92426"},{"taxonomy":"post_tag","embeddable":true,"href":"https:\/\/elinformante.mx\/index.php?rest_route=%2Fwp%2Fv2%2Ftags&post=92426"}],"curies":[{"name":"wp","href":"https:\/\/api.w.org\/{rel}","templated":true}]}}