{"id":92432,"date":"2025-09-09T07:10:39","date_gmt":"2025-09-09T13:10:39","guid":{"rendered":"https:\/\/elinformante.mx\/?p=92432"},"modified":"2025-09-09T07:10:45","modified_gmt":"2025-09-09T13:10:45","slug":"primer-presupuesto-de-la-presidenta","status":"publish","type":"post","link":"https:\/\/elinformante.mx\/?p=92432","title":{"rendered":"PRIMER PRESUPUESTO DE LA PRESIDENTA"},"content":{"rendered":"\n<figure class=\"wp-block-pullquote\"><blockquote><p><strong>Por: Jos\u00e9 Fonseca<\/strong><\/p><\/blockquote><\/figure>\n\n\n\n<p class=\"has-drop-cap\">De acuerdo con la ley, la Presidenta Claudia Sheinbaum entregar\u00e1 a la C\u00e1mara de Diputados su Presupuesto de Ingresos y Egresos para el 2025, el cual ahora s\u00ed incluir\u00e1 las prioridades del su Gobierno, aunque tenga que seguir lidiando con la herencia del mayor d\u00e9ficit en a\u00f1os de las finanzas p\u00fablicas.<br><\/p>\n\n\n\n<p>Seg\u00fan cifras oficiales, solamente por el aumento de los intereses sobre la deuda p\u00fablica se pagar\u00e1n m\u00e1s de 700 mil millones de pesos, lo cual necesariamente matizar\u00e1 radicalmente las pol\u00edticas de la Presidenta, pues ella, y s\u00f3lo ella, es responsable de la salud de las finanzas p\u00fablicas.<br><\/p>\n\n\n\n<p>Las metas de crecimiento ser\u00e1n optimistas, igual que muchos otros indicadores que, unos dicen son \u201cwishful thinking\u201d, porque los presupuestos de un Gobierno ser\u00e1n inevitablemente pol\u00edticos y motivo de discusiones. Como sea la calificadora Standard &amp; Poors dio a la deuda soberana de M\u00e9xico la calificaci\u00f3n \u201cBBB\u201d, con perspectiva estable.<br><\/p>\n\n\n\n<p>\u00bfDoblegar\u00e1n los \u201clos rebeldes\u201d a Morena?<br><\/p>\n\n\n\n<p>Desde la semana pasada cuando surgieron brotes de rebeld\u00eda entre grupos que se oponen a acatar la regla contra nepotismo establecida por Morena y por la Presidencia, en este espacio se pregunt\u00f3 si los dirigentes nacionales de Morena resistir\u00edan las presiones de los suyos y de aliados pol\u00edticos.<br><\/p>\n\n\n\n<p>El problema para la dirigencia nacional sienta el precedente de violar sus propias reglas o si por razones electorales permitir\u00eda socavar la disciplina en el Partido Oficial, lo peor a un a\u00f1o de que arranques las precampa\u00f1as por 17 gubernaturas, digamos que no ser\u00eda lo mejor.<br><\/p>\n\n\n\n<p>Como sea, el discurso parece dejar a los dirigentes nacionales, Luisa Mar\u00eda Alcalde y Andr\u00e9s Lopez Obrador la responsabilidad de resolver un dilema que, en los hechos exigir\u00e1 una compleja estrategia de maniobras, di\u00e1logos y presiones que podr\u00eda estar fuera de su alcance. Veremos.<br><\/p>\n\n\n\n<p>Las marchas por la Paz en Sinaloa<br><\/p>\n\n\n\n<p>Desesperados por la persistente violencia que hace un a\u00f1o estall\u00f3 en Culiac\u00e1n y en otras ciudades de Sinaloa y cansados de que su sociedad languidezca con cierres de negocios y de vivir presas del miedo, miles de ciudadanos marcharon para exigir la paz en la entidad.<br><\/p>\n\n\n\n<p>Ayer en su ma\u00f1anera conferencia, gobernador Rub\u00e9n Rocha Moya dijo: \u201cNo tengo m\u00e1s que decir que efectivamente no tenemos paz en Sinaloa\u2026 no la hemos conquistado, hemos venido combatiendo a la delincuencia, pero no hemos concluido\u201d.<br><\/p>\n\n\n\n<p>Al respecto, cada quien tendr\u00e1 su opini\u00f3n, pero Sinaloa s\u00f3lo ejemplo del largo camino que tendr\u00e1 que recorrer el Gobierno de la Rep\u00fablica para recuperar el terreno perdido por el crecimiento de los c\u00e1rteles propiciado por la errada pol\u00edtica de seguridad del pasado sexenio. Camino largo y sangriento.<\/p>\n","protected":false},"excerpt":{"rendered":"<p>Por: Jos\u00e9 Fonseca De acuerdo con la ley, la Presidenta Claudia Sheinbaum entregar\u00e1 a la C\u00e1mara de Diputados su Presupuesto de Ingresos y Egresos para el 2025, el cual ahora s\u00ed incluir\u00e1 las prioridades del su Gobierno, aunque tenga que seguir lidiando con la herencia del mayor d\u00e9ficit en a\u00f1os de las finanzas p\u00fablicas. Seg\u00fan [&hellip;]<\/p>\n","protected":false},"author":1,"featured_media":92433,"comment_status":"closed","ping_status":"closed","sticky":false,"template":"","format":"standard","meta":{"footnotes":""},"categories":[32],"tags":[],"class_list":["post-92432","post","type-post","status-publish","format-standard","has-post-thumbnail","hentry","category-editorial"],"_links":{"self":[{"href":"https:\/\/elinformante.mx\/index.php?rest_route=\/wp\/v2\/posts\/92432","targetHints":{"allow":["GET"]}}],"collection":[{"href":"https:\/\/elinformante.mx\/index.php?rest_route=\/wp\/v2\/posts"}],"about":[{"href":"https:\/\/elinformante.mx\/index.php?rest_route=\/wp\/v2\/types\/post"}],"author":[{"embeddable":true,"href":"https:\/\/elinformante.mx\/index.php?rest_route=\/wp\/v2\/users\/1"}],"replies":[{"embeddable":true,"href":"https:\/\/elinformante.mx\/index.php?rest_route=%2Fwp%2Fv2%2Fcomments&post=92432"}],"version-history":[{"count":0,"href":"https:\/\/elinformante.mx\/index.php?rest_route=\/wp\/v2\/posts\/92432\/revisions"}],"wp:featuredmedia":[{"embeddable":true,"href":"https:\/\/elinformante.mx\/index.php?rest_route=\/wp\/v2\/media\/92433"}],"wp:attachment":[{"href":"https:\/\/elinformante.mx\/index.php?rest_route=%2Fwp%2Fv2%2Fmedia&parent=92432"}],"wp:term":[{"taxonomy":"category","embeddable":true,"href":"https:\/\/elinformante.mx\/index.php?rest_route=%2Fwp%2Fv2%2Fcategories&post=92432"},{"taxonomy":"post_tag","embeddable":true,"href":"https:\/\/elinformante.mx\/index.php?rest_route=%2Fwp%2Fv2%2Ftags&post=92432"}],"curies":[{"name":"wp","href":"https:\/\/api.w.org\/{rel}","templated":true}]}}