{"id":92434,"date":"2025-09-09T07:13:58","date_gmt":"2025-09-09T13:13:58","guid":{"rendered":"https:\/\/elinformante.mx\/?p=92434"},"modified":"2025-09-09T07:14:06","modified_gmt":"2025-09-09T13:14:06","slug":"entrega-shcp-el-paquete-economico-2026","status":"publish","type":"post","link":"https:\/\/elinformante.mx\/?p=92434","title":{"rendered":"Entrega SHCP el Paquete Econ\u00f3mico 2026"},"content":{"rendered":"\n<figure class=\"wp-block-pullquote\"><blockquote><p>-\u00c9dgar Amador Zamora detall\u00f3 que el paquete econ\u00f3mico plantea recursos equivalentes al 3% del Producto Interno Bruto para programas sociales prioritarios.<\/p><\/blockquote><\/figure>\n\n\n\n<p class=\"has-drop-cap\">Fue entregado el Paquete Econ\u00f3mico 2026 al Congreso de la Uni\u00f3n por la Secretar\u00eda de Hacienda y Cr\u00e9dito P\u00fablico (SHCP). El titular de la SHCP, \u00c9dgar Amador Zamora, entreg\u00f3 los documentos a la panista Kenia L\u00f3pez Rabad\u00e1n, presidenta de la Mesa Directiva de la C\u00e1mara de Diputados.<br><\/p>\n\n\n\n<p>Amador Zamora explic\u00f3 que los ingresos tributarios ser\u00e1n la columna vertebral gracias al combate a la evasi\u00f3n, la digitalizaci\u00f3n y la modernizaci\u00f3n del marco fiscal.<br><\/p>\n\n\n\n<p>Detall\u00f3 ante diputados que el Paquete Econ\u00f3mico plantea recursos equivalentes al 3% del Producto Interno Bruto (PIB) para programas sociales prioritarios. Para dicho esfuerzo se estiman ingresos por 8.7 billones de pesos.<br><\/p>\n\n\n\n<p>Para 2026 se proyecta un d\u00e9ficit 4.1% del PIB, menor a la previsi\u00f3n modificada de cierre de 2025 de 4.3% del PIB y una deuda p\u00fablica de alrededor de 52.3% del Producto Interno Bruto.<br><\/p>\n\n\n\n<p>El funcionario federal acudir\u00e1 m\u00e1s tarde al Senado de la Rep\u00fablica para entregar tambi\u00e9n los documentos a la presidenta de la Mesa Directiva de la C\u00e1mara Alta, Laura Itzel Castillo Ju\u00e1rez.<br><\/p>\n\n\n\n<p>La presidenta Claudia Sheinbaum destac\u00f3 que el Paquete Econ\u00f3mico para el que ser\u00e1 su segundo a\u00f1o de gobierno se centra en la disciplina fiscal, el fortalecimiento a la recaudaci\u00f3n y la garant\u00eda de los programas sociales.<br><\/p>\n\n\n\n<p>El Paquete Econ\u00f3mico 2026 contiene tres documentos esenciales:<br><\/p>\n\n\n\n<p>-Criterios Generales de Pol\u00edtica Econ\u00f3mica. El diagn\u00f3stico sobre la econom\u00eda del pa\u00eds y las estrategias para alcanzar las metas propuestas por el gobierno.<br><\/p>\n\n\n\n<p>-Ley de Ingresos de la Federaci\u00f3n (LIF).<br><\/p>\n\n\n\n<p>-Presupuesto de Egresos de la Federaci\u00f3n (PEF)<\/p>\n","protected":false},"excerpt":{"rendered":"<p>-\u00c9dgar Amador Zamora detall\u00f3 que el paquete econ\u00f3mico plantea recursos equivalentes al 3% del Producto Interno Bruto para programas sociales prioritarios. Fue entregado el Paquete Econ\u00f3mico 2026 al Congreso de la Uni\u00f3n por la Secretar\u00eda de Hacienda y Cr\u00e9dito P\u00fablico (SHCP). El titular de la SHCP, \u00c9dgar Amador Zamora, entreg\u00f3 los documentos a la panista [&hellip;]<\/p>\n","protected":false},"author":1,"featured_media":92435,"comment_status":"closed","ping_status":"closed","sticky":false,"template":"","format":"standard","meta":{"footnotes":""},"categories":[30,34,31],"tags":[],"class_list":["post-92434","post","type-post","status-publish","format-standard","has-post-thumbnail","hentry","category-destacado","category-nacional","category-portada"],"_links":{"self":[{"href":"https:\/\/elinformante.mx\/index.php?rest_route=\/wp\/v2\/posts\/92434","targetHints":{"allow":["GET"]}}],"collection":[{"href":"https:\/\/elinformante.mx\/index.php?rest_route=\/wp\/v2\/posts"}],"about":[{"href":"https:\/\/elinformante.mx\/index.php?rest_route=\/wp\/v2\/types\/post"}],"author":[{"embeddable":true,"href":"https:\/\/elinformante.mx\/index.php?rest_route=\/wp\/v2\/users\/1"}],"replies":[{"embeddable":true,"href":"https:\/\/elinformante.mx\/index.php?rest_route=%2Fwp%2Fv2%2Fcomments&post=92434"}],"version-history":[{"count":0,"href":"https:\/\/elinformante.mx\/index.php?rest_route=\/wp\/v2\/posts\/92434\/revisions"}],"wp:featuredmedia":[{"embeddable":true,"href":"https:\/\/elinformante.mx\/index.php?rest_route=\/wp\/v2\/media\/92435"}],"wp:attachment":[{"href":"https:\/\/elinformante.mx\/index.php?rest_route=%2Fwp%2Fv2%2Fmedia&parent=92434"}],"wp:term":[{"taxonomy":"category","embeddable":true,"href":"https:\/\/elinformante.mx\/index.php?rest_route=%2Fwp%2Fv2%2Fcategories&post=92434"},{"taxonomy":"post_tag","embeddable":true,"href":"https:\/\/elinformante.mx\/index.php?rest_route=%2Fwp%2Fv2%2Ftags&post=92434"}],"curies":[{"name":"wp","href":"https:\/\/api.w.org\/{rel}","templated":true}]}}