{"id":92480,"date":"2025-09-10T06:33:49","date_gmt":"2025-09-10T12:33:49","guid":{"rendered":"https:\/\/elinformante.mx\/?p=92480"},"modified":"2025-09-10T06:33:54","modified_gmt":"2025-09-10T12:33:54","slug":"refuerza-ana-muniz-la-seguridad-en-san-mateo-atenco-con-nuevas-camaras-de-videovigilancia","status":"publish","type":"post","link":"https:\/\/elinformante.mx\/?p=92480","title":{"rendered":"Refuerza Ana Mu\u00f1iz la seguridad en San Mateo Atenco con nuevas c\u00e1maras de videovigilancia"},"content":{"rendered":"\n<figure class=\"wp-block-pullquote\"><blockquote><p>Entreg\u00f3 como parte de la estrategia integral de Seguridad Humana 70 nuevas c\u00e1maras de videovigilancia urbana en los barrios de San Nicol\u00e1s y Santiago.<\/p><\/blockquote><\/figure>\n\n\n\n<p class=\"has-drop-cap\">La presidenta municipal de San Mateo Atenco, Ana Mu\u00f1iz Neyra, contin\u00faa trabajando en reforzar la seguridad del municipio, por lo que hizo entrega de 70 nuevas c\u00e1maras de videovigilancia urbana y 14 postes de monitoreo inteligente al sistema de vigilancia, en los barrios de San Nicol\u00e1s y Santiago.<br><\/p>\n\n\n\n<p>De esta manera el municipio fortalece la prevenci\u00f3n del delito y la capacidad de respuesta del gobierno municipal ante emergencias.<br><\/p>\n\n\n\n<p>Las nuevas ubicaciones de videovigilancia abarcan 14 zonas estrat\u00e9gicas en barrios y colonias como San Nicol\u00e1s, Santiago, San Lucas, Guadalupe, La Magdalena, La Concepci\u00f3n, \u00c1lvaro Obreg\u00f3n, Reforma y Buenavista.<br><\/p>\n\n\n\n<p>Mu\u00f1iz Neyra estuvo acompa\u00f1ada de integrantes del Cabildo, autoridades auxiliares, vecinas y vecinos, donde destac\u00f3 que la seguridad es y ha sido una prioridad para su gobierno.<br><\/p>\n\n\n\n<p>\u201cPorque sabemos que vivir en paz y con tranquilidad es lo que merecen todas las familias de San Mateo Atenco; hoy estoy honrando mi palabra y cumpliendo el compromiso que hice en mi campa\u00f1a por la elecci\u00f3n consecutiva.\u201d<br><\/p>\n\n\n\n<p>Se\u00f1al\u00f3 que en 2022, el sistema de videovigilancia de San Mateo Atenco estaba compuesto por 266 c\u00e1maras. Pero del 2022 al 2024, la inversi\u00f3n municipal permiti\u00f3 ampliar significativamente la red, alcanzando 391 c\u00e1maras en operaci\u00f3n.<br><\/p>\n\n\n\n<p>Ahora con esta reciente incorporaci\u00f3n de nuevas unidades, el municipio suma ya 461 c\u00e1maras activas, consolidando un sistema m\u00e1s robusto y eficiente.<br><\/p>\n\n\n\n<p>Mu\u00f1iz Neyra anunci\u00f3 que para el a\u00f1o 2027, se prev\u00e9 llegar a un total de 621 c\u00e1maras distribuidas en todo el territorio municipal. Cada nuevo punto est\u00e1 equipado con tecnolog\u00eda de punta: una c\u00e1mara PTZ (de movimiento), tres c\u00e1maras fijas, una c\u00e1mara para comunicaci\u00f3n directa, un bot\u00f3n de auxilio y dos altavoces.<br><\/p>\n\n\n\n<p>La ampliaci\u00f3n del sistema de videovigilancia urbana forma parte del Modelo de Seguridad Humana y Orden Vial, implementado desde la administraci\u00f3n anterior, y que actualmente incluye tambi\u00e9n labores de protecci\u00f3n civil y bomberos.<br><\/p>\n\n\n\n<p>Este modelo ha permitido incluir nuevas estrategias como la Polic\u00eda de Barrio, la Polic\u00eda en Bicicleta, la C\u00e9lula de B\u00fasqueda de Personas, la C\u00e9lula Policial de Protecci\u00f3n Animal, y la modernizaci\u00f3n del Centro de Mando municipal, que ahora opera como C4 con tecnolog\u00eda de \u00faltima generaci\u00f3n.<br><\/p>\n\n\n\n<p>Mu\u00f1iz Neyra inform\u00f3 que tambi\u00e9n han sido reforzadas las acciones para proteger a ni\u00f1as y mujeres mediante la operaci\u00f3n del Modelo AHORA -dise\u00f1ado para prevenir y atender los casos de violencia de g\u00e9nero-, la creaci\u00f3n de la Unidad Municipal de Primera Intervenci\u00f3n en Delitos de G\u00e9nero y el fortalecimiento de la Polic\u00eda de G\u00e9nero.<br><\/p>\n\n\n\n<p>Finalmente hizo un llamado a la ciudadan\u00eda para cuidar el equipamiento instalado y colaborar en la construcci\u00f3n de entornos de paz: \u201cla seguridad es una responsabilidad compartida. Prevenir y denunciar son claves para proteger lo que m\u00e1s queremos\u201d, concluy\u00f3.<br><\/p>\n\n\n\n<p>Con la puesta en marcha de este nuevo equipo de videovigilancia urbana, el gobierno municipal de San Mateo Atenco enriquece el funcionamiento de su modelo de seguridad, haci\u00e9ndolo m\u00e1s moderno, humano, eficiente y al servicio del desarrollo libre, justo e igualitario de sus habitantes.<\/p>\n","protected":false},"excerpt":{"rendered":"<p>Entreg\u00f3 como parte de la estrategia integral de Seguridad Humana 70 nuevas c\u00e1maras de videovigilancia urbana en los barrios de San Nicol\u00e1s y Santiago. La presidenta municipal de San Mateo Atenco, Ana Mu\u00f1iz Neyra, contin\u00faa trabajando en reforzar la seguridad del municipio, por lo que hizo entrega de 70 nuevas c\u00e1maras de videovigilancia urbana y [&hellip;]<\/p>\n","protected":false},"author":1,"featured_media":92481,"comment_status":"closed","ping_status":"closed","sticky":false,"template":"","format":"standard","meta":{"footnotes":""},"categories":[30,36],"tags":[],"class_list":["post-92480","post","type-post","status-publish","format-standard","has-post-thumbnail","hentry","category-destacado","category-edomex"],"_links":{"self":[{"href":"https:\/\/elinformante.mx\/index.php?rest_route=\/wp\/v2\/posts\/92480","targetHints":{"allow":["GET"]}}],"collection":[{"href":"https:\/\/elinformante.mx\/index.php?rest_route=\/wp\/v2\/posts"}],"about":[{"href":"https:\/\/elinformante.mx\/index.php?rest_route=\/wp\/v2\/types\/post"}],"author":[{"embeddable":true,"href":"https:\/\/elinformante.mx\/index.php?rest_route=\/wp\/v2\/users\/1"}],"replies":[{"embeddable":true,"href":"https:\/\/elinformante.mx\/index.php?rest_route=%2Fwp%2Fv2%2Fcomments&post=92480"}],"version-history":[{"count":0,"href":"https:\/\/elinformante.mx\/index.php?rest_route=\/wp\/v2\/posts\/92480\/revisions"}],"wp:featuredmedia":[{"embeddable":true,"href":"https:\/\/elinformante.mx\/index.php?rest_route=\/wp\/v2\/media\/92481"}],"wp:attachment":[{"href":"https:\/\/elinformante.mx\/index.php?rest_route=%2Fwp%2Fv2%2Fmedia&parent=92480"}],"wp:term":[{"taxonomy":"category","embeddable":true,"href":"https:\/\/elinformante.mx\/index.php?rest_route=%2Fwp%2Fv2%2Fcategories&post=92480"},{"taxonomy":"post_tag","embeddable":true,"href":"https:\/\/elinformante.mx\/index.php?rest_route=%2Fwp%2Fv2%2Ftags&post=92480"}],"curies":[{"name":"wp","href":"https:\/\/api.w.org\/{rel}","templated":true}]}}