{"id":92510,"date":"2025-09-10T07:32:12","date_gmt":"2025-09-10T13:32:12","guid":{"rendered":"https:\/\/elinformante.mx\/?p=92510"},"modified":"2025-09-10T07:32:15","modified_gmt":"2025-09-10T13:32:15","slug":"evelyn-salgado-acompana-a-agustin-reyna-mendoza-nuevo-comandante-del-mando-especial-de-la-guardia-nacional-en-acapulco","status":"publish","type":"post","link":"https:\/\/elinformante.mx\/?p=92510","title":{"rendered":"Evelyn Salgado acompa\u00f1a a Agust\u00edn Reyna Mendoza, nuevo comandante del Mando Especial de la Guardia Nacional en Acapulco"},"content":{"rendered":"\n<figure class=\"wp-block-pullquote\"><blockquote><p>-La gobernadora refrend\u00f3 el compromiso de continuar construyendo la paz y lograr el bienestar con desarrollo y justicia social<\/p><\/blockquote><\/figure>\n\n\n\n<p class=\"has-drop-cap\">\u201cSabemos que la paz se construye entre todas y todos y desde esta administraci\u00f3n, asumimos la responsabilidad para consolidarla en todas las regiones y especialmente en el puerto de Acapulco, siempre con coordinaci\u00f3n efectiva, con inteligencia, con atenci\u00f3n a las causas y con la convicci\u00f3n profunda de que la paz es fruto de la justicia social\u201d, expres\u00f3 la gobernadora Evelyn Salgado Pineda durante la ceremonia de Toma de Posesi\u00f3n de Agust\u00edn Reyna Mendoza como nuevo comandante del Mando Especial de la Guardia Nacional en Acapulco.<br><\/p>\n\n\n\n<p>La gobernadora dio la bienvenida al nuevo comandante y reconoci\u00f3 todo el trabajo que se realiza desde la Guardia Nacional y en coordinaci\u00f3n con todos los cuerpos de seguridad, para establecer una visi\u00f3n de largo alcance, enfocada en la recuperaci\u00f3n del puerto desde todas las aristas, con bienestar, desarrollo y justicia social.<br><\/p>\n\n\n\n<p>Con la presencia de autoridades civiles y militares, la gobernadora destac\u00f3 que la Guardia Nacional, se ha convertido en un pilar indispensable, pues su presencia y proximidad social, han permitido orientar las din\u00e1micas de las diferentes colonias y comunidades, as\u00ed como acercar la atenci\u00f3n a la poblaci\u00f3n.<br><\/p>\n\n\n\n<figure class=\"wp-block-image size-large\"><img fetchpriority=\"high\" decoding=\"async\" width=\"1024\" height=\"506\" src=\"https:\/\/elinformante.mx\/wp-content\/uploads\/2025\/09\/4ebelyn-2-1024x506.jpg\" alt=\"\" class=\"wp-image-92512\" srcset=\"https:\/\/elinformante.mx\/wp-content\/uploads\/2025\/09\/4ebelyn-2-1024x506.jpg 1024w, https:\/\/elinformante.mx\/wp-content\/uploads\/2025\/09\/4ebelyn-2-300x148.jpg 300w, https:\/\/elinformante.mx\/wp-content\/uploads\/2025\/09\/4ebelyn-2-768x379.jpg 768w, https:\/\/elinformante.mx\/wp-content\/uploads\/2025\/09\/4ebelyn-2.jpg 1140w\" sizes=\"(max-width: 1024px) 100vw, 1024px\" \/><\/figure>\n\n\n\n<p>En el acto protocolario, el coordinador territorial de la Guardia Nacional Sur-Sureste, Sa\u00fal Luna Jaimes tom\u00f3 protesta y dio posesi\u00f3n del cargo a Agust\u00edn Reyna Mendoza como nuevo comandante del Mando Especial de la Guardia Nacional en Acapulco.<br><\/p>\n\n\n\n<p>Agust\u00edn Reyna Mendoza es originario del estado de Hidalgo; es General Brigadier de Estado Mayor. Caus\u00f3 alta como cadete del Heroico Colegio Militar el 1 de septiembre de 1987; es licenciado en Administraci\u00f3n Militar y maestro en Estrategia de Seguridad Nacional, adem\u00e1s de que cuenta con diversos diplomados tanto nacionales, como en el extranjero en especialidades como Derechos Humanos, Administraci\u00f3n P\u00fablica, Derecho Penal Internacional, Terrorismo y Seguridad, s\u00f3lo por mencionar algunos.<br><\/p>\n\n\n\n<p>Se ha desempe\u00f1ado como Coordinador estatal de la Guardia Nacional en Chihuahua; comandante de secci\u00f3n del Cuarto Batall\u00f3n de Infanter\u00eda en Huam\u00fachil, Sinaloa; segundo comandante del 94 Batall\u00f3n de Infanter\u00eda, en Culiac\u00e1n, Sinaloa; comandante del 32 y 42 Batall\u00f3n de Infanter\u00eda; jefe de secci\u00f3n y subjefe de Estado Mayor en la 25 Zona Militar en Puebla, Puebla; Jefe de estado mayor de la 12 Zona Militar en San Luis Potos\u00ed, entre otros.<br><\/p>\n\n\n\n<p>Ha recibido la Condecoraci\u00f3n de Perseverancia de la Primera a la Quinta Clase, por su servicio.<\/p>\n","protected":false},"excerpt":{"rendered":"<p>-La gobernadora refrend\u00f3 el compromiso de continuar construyendo la paz y lograr el bienestar con desarrollo y justicia social \u201cSabemos que la paz se construye entre todas y todos y desde esta administraci\u00f3n, asumimos la responsabilidad para consolidarla en todas las regiones y especialmente en el puerto de Acapulco, siempre con coordinaci\u00f3n efectiva, con inteligencia, [&hellip;]<\/p>\n","protected":false},"author":1,"featured_media":92511,"comment_status":"closed","ping_status":"closed","sticky":false,"template":"","format":"standard","meta":{"footnotes":""},"categories":[34],"tags":[],"class_list":["post-92510","post","type-post","status-publish","format-standard","has-post-thumbnail","hentry","category-nacional"],"_links":{"self":[{"href":"https:\/\/elinformante.mx\/index.php?rest_route=\/wp\/v2\/posts\/92510","targetHints":{"allow":["GET"]}}],"collection":[{"href":"https:\/\/elinformante.mx\/index.php?rest_route=\/wp\/v2\/posts"}],"about":[{"href":"https:\/\/elinformante.mx\/index.php?rest_route=\/wp\/v2\/types\/post"}],"author":[{"embeddable":true,"href":"https:\/\/elinformante.mx\/index.php?rest_route=\/wp\/v2\/users\/1"}],"replies":[{"embeddable":true,"href":"https:\/\/elinformante.mx\/index.php?rest_route=%2Fwp%2Fv2%2Fcomments&post=92510"}],"version-history":[{"count":0,"href":"https:\/\/elinformante.mx\/index.php?rest_route=\/wp\/v2\/posts\/92510\/revisions"}],"wp:featuredmedia":[{"embeddable":true,"href":"https:\/\/elinformante.mx\/index.php?rest_route=\/wp\/v2\/media\/92511"}],"wp:attachment":[{"href":"https:\/\/elinformante.mx\/index.php?rest_route=%2Fwp%2Fv2%2Fmedia&parent=92510"}],"wp:term":[{"taxonomy":"category","embeddable":true,"href":"https:\/\/elinformante.mx\/index.php?rest_route=%2Fwp%2Fv2%2Fcategories&post=92510"},{"taxonomy":"post_tag","embeddable":true,"href":"https:\/\/elinformante.mx\/index.php?rest_route=%2Fwp%2Fv2%2Ftags&post=92510"}],"curies":[{"name":"wp","href":"https:\/\/api.w.org\/{rel}","templated":true}]}}