{"id":92519,"date":"2025-09-10T07:46:06","date_gmt":"2025-09-10T13:46:06","guid":{"rendered":"https:\/\/elinformante.mx\/?p=92519"},"modified":"2025-09-10T07:46:14","modified_gmt":"2025-09-10T13:46:14","slug":"la-cultura-de-la-paz-mediacion-y-acceso-a-la-justicia","status":"publish","type":"post","link":"https:\/\/elinformante.mx\/?p=92519","title":{"rendered":"LA CULTURA DE LA PAZ, MEDIACI\u00d3N Y ACCESO A LA JUSTICIA"},"content":{"rendered":"\n<figure class=\"wp-block-pullquote\"><blockquote><p><strong>Por: Pascual Hern\u00e1ndez Mergoldd<\/strong><br>\u201cLa probabilidad de perder en la lucha no debe disuadirnos de apoyar una causa que creemos que es justa.\u201d Abraham Lincoln<\/p><\/blockquote><\/figure>\n\n\n\n<p class=\"has-drop-cap\">La justicia se bifurca en dos grandes ramas: la heterocompositiva o adversarial, que recae en tribunales, juzgadores y \u00e1rbitros; y la autocompositiva o consensuada, que corresponde a las propias personas involucradas en un conflicto o controversia, quienes, para gestionarlo, resolverlo o prevenirlo, cuentan con el apoyo de profesionales calificados, principalmente mediadores.<br><\/p>\n\n\n\n<p>En el M\u00e9xico contempor\u00e1neo, el movimiento de adopci\u00f3n de mecanismos pac\u00edficos de soluci\u00f3n de controversias legales -en especial la mediaci\u00f3n- antecede a las reformas de los art\u00edculos 17 constitucional, de 2008, y del 73, de 2017, as\u00ed como a la reciente y controvertida reforma judicial. Este movimiento emergi\u00f3 desde las entidades federativas en 1997 y, en m\u00e1s de un cuarto de siglo, ha dado lugar a la construcci\u00f3n de un sistema mexicano de mediaci\u00f3n. La Ley General de Mecanismos Alternativos de Soluci\u00f3n de Controversias, promulgada en 2024, representa un avance significativo, aunque a\u00fan est\u00e1 lejos de consolidar el andamiaje legal completo de dicho sistema.<br><\/p>\n\n\n\n<p>En el contexto de esta nueva etapa de la administraci\u00f3n de justicia, marcada por la reforma judicial aderezada con ritos violatorios del Estado laico -que ha implicado el inicio de funciones de nuevos juzgadores, muchos sin formaci\u00f3n ni experiencia judicial; la salida de personal altamente calificado; la fr\u00edvola designaci\u00f3n de personal en la Suprema Corte, y una capacitaci\u00f3n improvisada de nuevos juzgadores- resulta urgente reforzar el acceso a la justicia mediante la mediaci\u00f3n y los dem\u00e1s mecanismos alternativos de soluci\u00f3n de controversias (MASC).<br><\/p>\n\n\n\n<p>Para ello es indispensable adicionar el art\u00edculo 17 constitucional, tomando como referencia el apartado A del art\u00edculo 123 que establece la obligaci\u00f3n de acudir previamente a la instancia conciliatoria en materia laboral. De manera an\u00e1loga, las partes involucradas en asuntos de justicia cotidiana deber\u00e1n intentar la mediaci\u00f3n o alg\u00fan otro MASC como requisito previo al juicio.<br><\/p>\n\n\n\n<p>Esta f\u00f3rmula permitir\u00eda racionalizar el uso de los servicios judiciales, promoviendo un aprovechamiento intensivo de los MASC, especialmente de la mediaci\u00f3n. De prosperar esta propuesta -tambi\u00e9n respaldada por la Ministra Loretta Ortiz, mediadora certificada- se fomentar\u00eda la participaci\u00f3n activa de la sociedad civil y se capitalizar\u00edan las ventajas de estos mecanismos frente a los procedimientos judiciales formales, tales como:<br><\/p>\n\n\n\n<p>Uso de un lenguaje accesible.<br><\/p>\n\n\n\n<p>Flexibilidad procedimental, que permite adaptarse a las circunstancias y a las personas.<br><\/p>\n\n\n\n<p>Preservaci\u00f3n de las relaciones entre las partes, en lugar de su deterioro.<br><\/p>\n\n\n\n<p>Generaci\u00f3n de acuerdos creativos.<br><\/p>\n\n\n\n<p>Control de las partes sobre sus intereses y sobre el proceso en su totalidad.<br><\/p>\n\n\n\n<p>Menor costo econ\u00f3mico, temporal y emocional en comparaci\u00f3n con un juicio.<br><\/p>\n\n\n\n<p>Estas caracter\u00edsticas suponen, adem\u00e1s de alejarse de los paradigmas tradicionales que fomentan el litigio como \u00fanico mecanismo para resolver conflictos, una posibilidad real para que los poderes judiciales no caigan en un cataclismo por la rotaci\u00f3n de juzgadores y de personal calificado.<br><\/p>\n\n\n\n<p>T\u00f3mese en cuenta que la eficacia de la mediaci\u00f3n est\u00e1 respaldada por datos oficiales: m\u00e1s del 90% de los convenios derivados de este procedimiento se cumplen.<br><\/p>\n\n\n\n<p>El acceso a la justicia puede y debe fortalecerse mediante la expansi\u00f3n y consolidaci\u00f3n de la mediaci\u00f3n y de los dem\u00e1s MASC. En una sociedad donde el conflicto forma parte de la normalidad, estos mecanismos representan una opci\u00f3n id\u00f3nea para prevenir, gestionar y superar controversias, siempre que sean confiables, eficaces, oportunos, expeditos y transparentes.<br><\/p>\n\n\n\n<p>Su adecuada implantaci\u00f3n contribuye a mitigar la desconfianza, reducir la tensi\u00f3n social y prevenir la violencia.<br><\/p>\n\n\n\n<p>M\u00e9xico se beneficiar\u00eda enormemente al fortalecer y aprovechar m\u00e1s intensivamente la mediaci\u00f3n y los MASC, apostando por una cultura del di\u00e1logo, del consenso y del acuerdo en todos los \u00e1mbitos de interacci\u00f3n social. Esta apuesta es clave para construir relaciones m\u00e1s sanas y sostenibles, y para hacer realidad la cultura de la paz.<\/p>\n","protected":false},"excerpt":{"rendered":"<p>Por: Pascual Hern\u00e1ndez Mergoldd\u201cLa probabilidad de perder en la lucha no debe disuadirnos de apoyar una causa que creemos que es justa.\u201d Abraham Lincoln La justicia se bifurca en dos grandes ramas: la heterocompositiva o adversarial, que recae en tribunales, juzgadores y \u00e1rbitros; y la autocompositiva o consensuada, que corresponde a las propias personas involucradas [&hellip;]<\/p>\n","protected":false},"author":1,"featured_media":92520,"comment_status":"closed","ping_status":"closed","sticky":false,"template":"","format":"standard","meta":{"footnotes":""},"categories":[32],"tags":[],"class_list":["post-92519","post","type-post","status-publish","format-standard","has-post-thumbnail","hentry","category-editorial"],"_links":{"self":[{"href":"https:\/\/elinformante.mx\/index.php?rest_route=\/wp\/v2\/posts\/92519","targetHints":{"allow":["GET"]}}],"collection":[{"href":"https:\/\/elinformante.mx\/index.php?rest_route=\/wp\/v2\/posts"}],"about":[{"href":"https:\/\/elinformante.mx\/index.php?rest_route=\/wp\/v2\/types\/post"}],"author":[{"embeddable":true,"href":"https:\/\/elinformante.mx\/index.php?rest_route=\/wp\/v2\/users\/1"}],"replies":[{"embeddable":true,"href":"https:\/\/elinformante.mx\/index.php?rest_route=%2Fwp%2Fv2%2Fcomments&post=92519"}],"version-history":[{"count":0,"href":"https:\/\/elinformante.mx\/index.php?rest_route=\/wp\/v2\/posts\/92519\/revisions"}],"wp:featuredmedia":[{"embeddable":true,"href":"https:\/\/elinformante.mx\/index.php?rest_route=\/wp\/v2\/media\/92520"}],"wp:attachment":[{"href":"https:\/\/elinformante.mx\/index.php?rest_route=%2Fwp%2Fv2%2Fmedia&parent=92519"}],"wp:term":[{"taxonomy":"category","embeddable":true,"href":"https:\/\/elinformante.mx\/index.php?rest_route=%2Fwp%2Fv2%2Fcategories&post=92519"},{"taxonomy":"post_tag","embeddable":true,"href":"https:\/\/elinformante.mx\/index.php?rest_route=%2Fwp%2Fv2%2Ftags&post=92519"}],"curies":[{"name":"wp","href":"https:\/\/api.w.org\/{rel}","templated":true}]}}