{"id":92548,"date":"2025-09-11T05:57:50","date_gmt":"2025-09-11T11:57:50","guid":{"rendered":"https:\/\/elinformante.mx\/?p=92548"},"modified":"2025-09-11T05:57:56","modified_gmt":"2025-09-11T11:57:56","slug":"busca-flores-fernandez-instalar-oficina-para-expedicion-de-pasaportes","status":"publish","type":"post","link":"https:\/\/elinformante.mx\/?p=92548","title":{"rendered":"Busca Flores Fern\u00e1ndez instalar oficina para expedici\u00f3n de pasaportes"},"content":{"rendered":"\n<figure class=\"wp-block-pullquote\"><blockquote><p>Esta solicitud, refiri\u00f3, ser\u00eda de gran ayuda para la poblaci\u00f3n de la zona del Valle de Toluca.<\/p><\/blockquote><\/figure>\n\n\n\n<p class=\"has-drop-cap\">El presidente municipal de Metepec, Fernando Flores Fern\u00e1ndez, se reuni\u00f3 en la Secretar\u00eda de Relaciones Exteriores con la directora general de la Oficina de Pasaportes, Mar\u00eda del Carmen Rodr\u00edguez Fern\u00e1ndez, con quien platic\u00f3 durante un largo tiempo.<br><\/p>\n\n\n\n<p>Durante la pl\u00e1tica, el presidente le plante\u00f3 el poder instalar en Metepec una oficina de expedici\u00f3n de pasaportes.<br><\/p>\n\n\n\n<p>Esta solicitud, refiri\u00f3, ser\u00eda de gran ayuda para la poblaci\u00f3n de la zona del Valle de Toluca.<br><\/p>\n\n\n\n<figure class=\"wp-block-image size-large\"><img fetchpriority=\"high\" decoding=\"async\" width=\"1024\" height=\"506\" src=\"https:\/\/elinformante.mx\/wp-content\/uploads\/2025\/09\/12metepec-2-2-1024x506.jpg\" alt=\"\" class=\"wp-image-92550\" srcset=\"https:\/\/elinformante.mx\/wp-content\/uploads\/2025\/09\/12metepec-2-2-1024x506.jpg 1024w, https:\/\/elinformante.mx\/wp-content\/uploads\/2025\/09\/12metepec-2-2-300x148.jpg 300w, https:\/\/elinformante.mx\/wp-content\/uploads\/2025\/09\/12metepec-2-2-768x379.jpg 768w, https:\/\/elinformante.mx\/wp-content\/uploads\/2025\/09\/12metepec-2-2.jpg 1140w\" sizes=\"(max-width: 1024px) 100vw, 1024px\" \/><\/figure>\n\n\n\n<p>Flores Fern\u00e1ndez agradeci\u00f3 todas las atenciones de las y los servidores p\u00fablicos de la Secretar\u00eda y se\u00f1al\u00f3 que se mantendr\u00e1 su gobierno atento a su respuesta.<br><\/p>\n\n\n\n<p>Flores Fern\u00e1ndez, adem\u00e1s inform\u00f3 que en Metepec contin\u00faan los operativos en contra de los motorratones.<br><\/p>\n\n\n\n<p>Se\u00f1al\u00f3 que gracias a estos operativos se han podido recuperar en la zona municipal veh\u00edculos con reporte de robo; adem\u00e1s de lograr detener a presuntos responsables, con estas acciones, refrendamos nuestro compromiso con la seguridad en Metepec.<\/p>\n","protected":false},"excerpt":{"rendered":"<p>Esta solicitud, refiri\u00f3, ser\u00eda de gran ayuda para la poblaci\u00f3n de la zona del Valle de Toluca. El presidente municipal de Metepec, Fernando Flores Fern\u00e1ndez, se reuni\u00f3 en la Secretar\u00eda de Relaciones Exteriores con la directora general de la Oficina de Pasaportes, Mar\u00eda del Carmen Rodr\u00edguez Fern\u00e1ndez, con quien platic\u00f3 durante un largo tiempo. Durante [&hellip;]<\/p>\n","protected":false},"author":1,"featured_media":92549,"comment_status":"closed","ping_status":"closed","sticky":false,"template":"","format":"standard","meta":{"footnotes":""},"categories":[36],"tags":[],"class_list":["post-92548","post","type-post","status-publish","format-standard","has-post-thumbnail","hentry","category-edomex"],"_links":{"self":[{"href":"https:\/\/elinformante.mx\/index.php?rest_route=\/wp\/v2\/posts\/92548","targetHints":{"allow":["GET"]}}],"collection":[{"href":"https:\/\/elinformante.mx\/index.php?rest_route=\/wp\/v2\/posts"}],"about":[{"href":"https:\/\/elinformante.mx\/index.php?rest_route=\/wp\/v2\/types\/post"}],"author":[{"embeddable":true,"href":"https:\/\/elinformante.mx\/index.php?rest_route=\/wp\/v2\/users\/1"}],"replies":[{"embeddable":true,"href":"https:\/\/elinformante.mx\/index.php?rest_route=%2Fwp%2Fv2%2Fcomments&post=92548"}],"version-history":[{"count":0,"href":"https:\/\/elinformante.mx\/index.php?rest_route=\/wp\/v2\/posts\/92548\/revisions"}],"wp:featuredmedia":[{"embeddable":true,"href":"https:\/\/elinformante.mx\/index.php?rest_route=\/wp\/v2\/media\/92549"}],"wp:attachment":[{"href":"https:\/\/elinformante.mx\/index.php?rest_route=%2Fwp%2Fv2%2Fmedia&parent=92548"}],"wp:term":[{"taxonomy":"category","embeddable":true,"href":"https:\/\/elinformante.mx\/index.php?rest_route=%2Fwp%2Fv2%2Fcategories&post=92548"},{"taxonomy":"post_tag","embeddable":true,"href":"https:\/\/elinformante.mx\/index.php?rest_route=%2Fwp%2Fv2%2Ftags&post=92548"}],"curies":[{"name":"wp","href":"https:\/\/api.w.org\/{rel}","templated":true}]}}