{"id":92551,"date":"2025-09-11T06:01:06","date_gmt":"2025-09-11T12:01:06","guid":{"rendered":"https:\/\/elinformante.mx\/?p=92551"},"modified":"2025-09-11T06:01:17","modified_gmt":"2025-09-11T12:01:17","slug":"continua-reforzando-ana-muniz-la-seguridad-en-san-mateo-atenco","status":"publish","type":"post","link":"https:\/\/elinformante.mx\/?p=92551","title":{"rendered":"Contin\u00faa reforzando Ana Mu\u00f1iz la seguridad en San Mateo Atenco"},"content":{"rendered":"\n<figure class=\"wp-block-pullquote\"><blockquote><p>La instalaci\u00f3n de m\u00e1s c\u00e1maras permite una cobertura m\u00e1s amplia y efectiva en zonas con alta movilidad y puntos estrat\u00e9gicos.<\/p><\/blockquote><\/figure>\n\n\n\n<p class=\"has-drop-cap\">La presidenta municipal de San Mateo Atenco, Ana Mu\u00f1iz Neyra, contin\u00faa reforzando la estrategia \u201cSeguridad Humana\u201d, ahora hizo entrega de 2 puntos de videovigilancia m\u00e1s, el primero en el barrio de San Lucas, que se suman a los nuevos que estar\u00e1 entregando en todo el territorio municipal.<br><\/p>\n\n\n\n<p>Y es que, se\u00f1al\u00f3 Muniz Neyra, que este nuevo equipamiento forma parte de la estrategia municipal para prevenir delitos y mejorar la capacidad de respuesta ante emergencias.<br><\/p>\n\n\n\n<p>De acuerdo a lo establecido, la instalaci\u00f3n de m\u00e1s c\u00e1maras permite una cobertura m\u00e1s amplia y efectiva en zonas con alta movilidad y puntos estrat\u00e9gicos.<br><\/p>\n\n\n\n<p>Mu\u00f1iz Neyra destac\u00f3 que el objetivo principal es ofrecer mayor seguridad a las familias atenquenses, al mismo tiempo que se fomenta un entorno m\u00e1s confiable para el desarrollo econ\u00f3mico y social del municipio.<br><\/p>\n\n\n\n<figure class=\"wp-block-image size-large\"><img fetchpriority=\"high\" decoding=\"async\" width=\"1024\" height=\"506\" src=\"https:\/\/elinformante.mx\/wp-content\/uploads\/2025\/09\/12mateo-2-2-1024x506.jpg\" alt=\"\" class=\"wp-image-92553\" srcset=\"https:\/\/elinformante.mx\/wp-content\/uploads\/2025\/09\/12mateo-2-2-1024x506.jpg 1024w, https:\/\/elinformante.mx\/wp-content\/uploads\/2025\/09\/12mateo-2-2-300x148.jpg 300w, https:\/\/elinformante.mx\/wp-content\/uploads\/2025\/09\/12mateo-2-2-768x379.jpg 768w, https:\/\/elinformante.mx\/wp-content\/uploads\/2025\/09\/12mateo-2-2.jpg 1140w\" sizes=\"(max-width: 1024px) 100vw, 1024px\" \/><\/figure>\n\n\n\n<p>Adem\u00e1s se\u00f1al\u00f3 que con estas acciones, se ampl\u00eda la cobertura de monitoreo con esta herramienta de an\u00e1lisis de inteligencia, tambi\u00e9n se fortalece la prevenci\u00f3n del delito, para que las familias de todos los barrios y colonias de nuestro municipio vivan tranquilas y en paz.<br><\/p>\n\n\n\n<p>Con esta red tecnol\u00f3gica, el gobierno de San Mateo Atenco busca atender de manera m\u00e1s r\u00e1pida los incidentes y generar un sistema de seguridad preventiva m\u00e1s eficiente.<br><\/p>\n\n\n\n<p>San Mateo Atenco ha dado pasos importantes en el fortalecimiento de la seguridad p\u00fablica. El incremento de c\u00e1maras no solo permite un mejor control de situaciones de riesgo, sino que tambi\u00e9n act\u00faa como mecanismo de disuasi\u00f3n contra actividades delictivas.<br><\/p>\n\n\n\n<p>Los habitantes expresan que vivir en un municipio con mayor vigilancia genera tranquilidad y confianza, elementos fundamentales para la convivencia social.<\/p>\n","protected":false},"excerpt":{"rendered":"<p>La instalaci\u00f3n de m\u00e1s c\u00e1maras permite una cobertura m\u00e1s amplia y efectiva en zonas con alta movilidad y puntos estrat\u00e9gicos. La presidenta municipal de San Mateo Atenco, Ana Mu\u00f1iz Neyra, contin\u00faa reforzando la estrategia \u201cSeguridad Humana\u201d, ahora hizo entrega de 2 puntos de videovigilancia m\u00e1s, el primero en el barrio de San Lucas, que se [&hellip;]<\/p>\n","protected":false},"author":1,"featured_media":92552,"comment_status":"closed","ping_status":"closed","sticky":false,"template":"","format":"standard","meta":{"footnotes":""},"categories":[30,36],"tags":[],"class_list":["post-92551","post","type-post","status-publish","format-standard","has-post-thumbnail","hentry","category-destacado","category-edomex"],"_links":{"self":[{"href":"https:\/\/elinformante.mx\/index.php?rest_route=\/wp\/v2\/posts\/92551","targetHints":{"allow":["GET"]}}],"collection":[{"href":"https:\/\/elinformante.mx\/index.php?rest_route=\/wp\/v2\/posts"}],"about":[{"href":"https:\/\/elinformante.mx\/index.php?rest_route=\/wp\/v2\/types\/post"}],"author":[{"embeddable":true,"href":"https:\/\/elinformante.mx\/index.php?rest_route=\/wp\/v2\/users\/1"}],"replies":[{"embeddable":true,"href":"https:\/\/elinformante.mx\/index.php?rest_route=%2Fwp%2Fv2%2Fcomments&post=92551"}],"version-history":[{"count":0,"href":"https:\/\/elinformante.mx\/index.php?rest_route=\/wp\/v2\/posts\/92551\/revisions"}],"wp:featuredmedia":[{"embeddable":true,"href":"https:\/\/elinformante.mx\/index.php?rest_route=\/wp\/v2\/media\/92552"}],"wp:attachment":[{"href":"https:\/\/elinformante.mx\/index.php?rest_route=%2Fwp%2Fv2%2Fmedia&parent=92551"}],"wp:term":[{"taxonomy":"category","embeddable":true,"href":"https:\/\/elinformante.mx\/index.php?rest_route=%2Fwp%2Fv2%2Fcategories&post=92551"},{"taxonomy":"post_tag","embeddable":true,"href":"https:\/\/elinformante.mx\/index.php?rest_route=%2Fwp%2Fv2%2Ftags&post=92551"}],"curies":[{"name":"wp","href":"https:\/\/api.w.org\/{rel}","templated":true}]}}