{"id":92569,"date":"2025-09-11T06:41:55","date_gmt":"2025-09-11T12:41:55","guid":{"rendered":"https:\/\/elinformante.mx\/?p=92569"},"modified":"2025-09-11T06:41:59","modified_gmt":"2025-09-11T12:41:59","slug":"ricardo-moreno-y-adolfo-solis-firmaron-convenio-para-impulsar-proyectos-de-infraestructura","status":"publish","type":"post","link":"https:\/\/elinformante.mx\/?p=92569","title":{"rendered":"Ricardo Moreno y Adolfo Sol\u00eds firmaron convenio para impulsar proyectos de infraestructura"},"content":{"rendered":"\n<figure class=\"wp-block-pullquote\"><blockquote><p>Ambos presidentes se\u00f1alan que este trabajo en conjunto beneficiar\u00e1 a los habitantes de Toluca y Almoloya de Ju\u00e1rez.<\/p><\/blockquote><\/figure>\n\n\n\n<p class=\"has-drop-cap\">Los Gobiernos municipales de Toluca y Almoloya de Ju\u00e1rez dieron un paso hist\u00f3rico en beneficio de miles de personas que transitan entre ambos municipios, al trabajar de manera conjunta con proyectos de infraestructura en zonas lim\u00edtrofes.<br><\/p>\n\n\n\n<p>Durante la conferencia La Toluque\u00f1a el Presidente Municipal de Toluca, Ricardo Moreno, y su hom\u00f3logo de Almoloya de Ju\u00e1rez, Adolfo Sol\u00eds, firmaron un convenio de coordinaci\u00f3n para llevar a cabo acciones planeaci\u00f3n, ejecuci\u00f3n, supervisi\u00f3n y mantenimiento de infraestructura en zonas lim\u00edtrofes, entre ellas, carreteras, caminos, redes de agua potable, alumbrado y espacios p\u00fablicos, en favor de las familias de esas regiones.<br><\/p>\n\n\n\n<p>Ricardo Moreno explic\u00f3 que durante los \u00faltimos meses se ha implementado una colaboraci\u00f3n efectiva entre los municipios que constituyen el Valle de Toluca, con acciones que han dado resultados en materia de seguridad p\u00fablica, contingencias por lluvias e infraestructura, por lo que este convenio reafirma la buena relaci\u00f3n y voluntad para realizar proyectos como la rehabilitaci\u00f3n de la vialidad camino principal de Mina M\u00e9xico, del cual se realiza actualmente un kil\u00f3metro con concreto hidr\u00e1ulico en el tramo correspondiente a Almoloya de Ju\u00e1rez y que Toluca completar\u00e1 con cerca de 300 metros.<br><\/p>\n\n\n\n<p>Por su parte, Adolfo Sol\u00eds reiter\u00f3 el paso hist\u00f3rico que dan ambos municipios con esta obra que comunica una de las salidas principales de su cabecera municipal, hacia la autopista de Atlacomulco y la carretera libre de Toluca, que actualmente est\u00e1 en p\u00e9simas condiciones; adem\u00e1s reiter\u00f3 su voluntad de trabajar conjuntamente en temas de seguridad, alumbrado p\u00fablico y obra, en pro de las y los ciudadanos.<br><\/p>\n\n\n\n<p>El primer trabajo derivado de este acuerdo ser\u00e1n las obras complementarias del camino principal de Mina M\u00e9xico, que conecta la cabecera de Almoloya con la autopista Toluca-Atlacomulco<br><\/p>\n\n\n\n<p>Ambos ediles anticiparon que esta obra es solo una las muchas que se prev\u00e9n realizar en conjunto, ya que lo m\u00e1s importante es ofrecer m\u00e1s desarrollo a las comunidades.<br><\/p>\n\n\n\n<p>Coincidieron en que este acuerdo es el inicio de una agenda compartida que permitir\u00e1 atender otros temas de inter\u00e9s com\u00fan, como alumbrado, servicios p\u00fablicos y reforzamiento de la seguridad en las zonas lim\u00edtrofes.<br><\/p>\n\n\n\n<p>La firma del convenio fue acompa\u00f1ada por integrantes de los dos cabildos, quienes coincidieron en que el trabajo coordinado es la v\u00eda m\u00e1s efectiva para fortalecer la integraci\u00f3n regional.<\/p>\n","protected":false},"excerpt":{"rendered":"<p>Ambos presidentes se\u00f1alan que este trabajo en conjunto beneficiar\u00e1 a los habitantes de Toluca y Almoloya de Ju\u00e1rez. Los Gobiernos municipales de Toluca y Almoloya de Ju\u00e1rez dieron un paso hist\u00f3rico en beneficio de miles de personas que transitan entre ambos municipios, al trabajar de manera conjunta con proyectos de infraestructura en zonas lim\u00edtrofes. Durante [&hellip;]<\/p>\n","protected":false},"author":1,"featured_media":92570,"comment_status":"closed","ping_status":"closed","sticky":false,"template":"","format":"standard","meta":{"footnotes":""},"categories":[30,36,31],"tags":[],"class_list":["post-92569","post","type-post","status-publish","format-standard","has-post-thumbnail","hentry","category-destacado","category-edomex","category-portada"],"_links":{"self":[{"href":"https:\/\/elinformante.mx\/index.php?rest_route=\/wp\/v2\/posts\/92569","targetHints":{"allow":["GET"]}}],"collection":[{"href":"https:\/\/elinformante.mx\/index.php?rest_route=\/wp\/v2\/posts"}],"about":[{"href":"https:\/\/elinformante.mx\/index.php?rest_route=\/wp\/v2\/types\/post"}],"author":[{"embeddable":true,"href":"https:\/\/elinformante.mx\/index.php?rest_route=\/wp\/v2\/users\/1"}],"replies":[{"embeddable":true,"href":"https:\/\/elinformante.mx\/index.php?rest_route=%2Fwp%2Fv2%2Fcomments&post=92569"}],"version-history":[{"count":0,"href":"https:\/\/elinformante.mx\/index.php?rest_route=\/wp\/v2\/posts\/92569\/revisions"}],"wp:featuredmedia":[{"embeddable":true,"href":"https:\/\/elinformante.mx\/index.php?rest_route=\/wp\/v2\/media\/92570"}],"wp:attachment":[{"href":"https:\/\/elinformante.mx\/index.php?rest_route=%2Fwp%2Fv2%2Fmedia&parent=92569"}],"wp:term":[{"taxonomy":"category","embeddable":true,"href":"https:\/\/elinformante.mx\/index.php?rest_route=%2Fwp%2Fv2%2Fcategories&post=92569"},{"taxonomy":"post_tag","embeddable":true,"href":"https:\/\/elinformante.mx\/index.php?rest_route=%2Fwp%2Fv2%2Ftags&post=92569"}],"curies":[{"name":"wp","href":"https:\/\/api.w.org\/{rel}","templated":true}]}}