{"id":92577,"date":"2025-09-11T06:57:22","date_gmt":"2025-09-11T12:57:22","guid":{"rendered":"https:\/\/elinformante.mx\/?p=92577"},"modified":"2025-09-11T06:57:29","modified_gmt":"2025-09-11T12:57:29","slug":"reforzaran-en-alvaro-obregon-seguridad-durante-consulta-ciudadana-sobre-utopia-en-parque-las-aguilas","status":"publish","type":"post","link":"https:\/\/elinformante.mx\/?p=92577","title":{"rendered":"Reforzar\u00e1n en \u00c1lvaro Obreg\u00f3n seguridad durante consulta ciudadana sobre Utop\u00eda en Parque Las \u00c1guilas"},"content":{"rendered":"\n<figure class=\"wp-block-pullquote\"><blockquote><p>As\u00ed lo afirm\u00f3 el Alcalde, Javier L\u00f3pez Casar\u00edn, durante la realizaci\u00f3n del programa de audiencias ciudadanas que se llev\u00f3 a cabo en el mismo parque.<\/p><\/blockquote><\/figure>\n\n\n\n<p class=\"has-drop-cap\">La Alcald\u00eda \u00c1lvaro Obreg\u00f3n reforzar\u00e1 la vigilancia en las 20 colonias donde el pr\u00f3ximo domingo se realizar\u00e1 la Consulta Ciudadana sobre la Utop\u00eda en el Parque Las \u00c1guilas.<br><\/p>\n\n\n\n<p>As\u00ed lo afirm\u00f3 el Alcalde, Javier L\u00f3pez Casar\u00edn, durante la realizaci\u00f3n del programa de audiencias ciudadanas que se llev\u00f3 a cabo en el mismo parque, ubicado en R\u00f3mulo O\u2019Farril y Calzada de Las \u00c1guilas.<br><\/p>\n\n\n\n<p>El ejercicio se va a llevar a cabo el domingo 14 de septiembre, de 9:00 a 17:00 horas, organizado por el Instituto Electoral de la Ciudad de M\u00e9xico, con la participaci\u00f3n de la Comisi\u00f3n de Derechos Humanos de la CDMX, en las colonias aleda\u00f1as al espacio p\u00fablico.<br><\/p>\n\n\n\n<p>\u201cSe trata del primer ejercicio que se realiza para consultar a la ciudadan\u00eda sobre la Utop\u00eda, que es un proyecto impulsado por el Gobierno de la Ciudad de M\u00e9xico.<br><\/p>\n\n\n\n<p>\u201c\u00c1lvaro Obreg\u00f3n se convierte en referente, al poner en manos de vecinas y vecinos la decisi\u00f3n sobre el futuro de nuestros espacios p\u00fablicos\u201d, se\u00f1al\u00f3 L\u00f3pez Casar\u00edn.<br><\/p>\n\n\n\n<p>El proyecto de la Utop\u00eda en el Parque Las \u00c1guilas contempla la creaci\u00f3n de infraestructura social y deportiva en un pol\u00edgono de 15 mil 300 metros cuadrados, que corresponden al estacionamiento y \u00e1reas ya construidas.<br><\/p>\n\n\n\n<p>Entre el equipamiento propuesto se enlistan estancia infantil, casa de d\u00eda para adultos mayores, auditorio para 400 personas, gimnasio, alberca semiol\u00edmpica, m\u00f3dulo de turismo, temazcal tradicional, aula digital y un laboratorio de ideas.<br><\/p>\n\n\n\n<p>De manera paralela, la Alcald\u00eda impulsa la declaratoria como \u00c1rea de Valor Ambiental, con categor\u00eda de Bosque Urbano, en un trabajo coordinado con la Secretar\u00eda del Medio Ambiente capitalina.<\/p>\n","protected":false},"excerpt":{"rendered":"<p>As\u00ed lo afirm\u00f3 el Alcalde, Javier L\u00f3pez Casar\u00edn, durante la realizaci\u00f3n del programa de audiencias ciudadanas que se llev\u00f3 a cabo en el mismo parque. La Alcald\u00eda \u00c1lvaro Obreg\u00f3n reforzar\u00e1 la vigilancia en las 20 colonias donde el pr\u00f3ximo domingo se realizar\u00e1 la Consulta Ciudadana sobre la Utop\u00eda en el Parque Las \u00c1guilas. As\u00ed lo [&hellip;]<\/p>\n","protected":false},"author":1,"featured_media":92578,"comment_status":"closed","ping_status":"closed","sticky":false,"template":"","format":"standard","meta":{"footnotes":""},"categories":[35],"tags":[],"class_list":["post-92577","post","type-post","status-publish","format-standard","has-post-thumbnail","hentry","category-cdmx"],"_links":{"self":[{"href":"https:\/\/elinformante.mx\/index.php?rest_route=\/wp\/v2\/posts\/92577","targetHints":{"allow":["GET"]}}],"collection":[{"href":"https:\/\/elinformante.mx\/index.php?rest_route=\/wp\/v2\/posts"}],"about":[{"href":"https:\/\/elinformante.mx\/index.php?rest_route=\/wp\/v2\/types\/post"}],"author":[{"embeddable":true,"href":"https:\/\/elinformante.mx\/index.php?rest_route=\/wp\/v2\/users\/1"}],"replies":[{"embeddable":true,"href":"https:\/\/elinformante.mx\/index.php?rest_route=%2Fwp%2Fv2%2Fcomments&post=92577"}],"version-history":[{"count":0,"href":"https:\/\/elinformante.mx\/index.php?rest_route=\/wp\/v2\/posts\/92577\/revisions"}],"wp:featuredmedia":[{"embeddable":true,"href":"https:\/\/elinformante.mx\/index.php?rest_route=\/wp\/v2\/media\/92578"}],"wp:attachment":[{"href":"https:\/\/elinformante.mx\/index.php?rest_route=%2Fwp%2Fv2%2Fmedia&parent=92577"}],"wp:term":[{"taxonomy":"category","embeddable":true,"href":"https:\/\/elinformante.mx\/index.php?rest_route=%2Fwp%2Fv2%2Fcategories&post=92577"},{"taxonomy":"post_tag","embeddable":true,"href":"https:\/\/elinformante.mx\/index.php?rest_route=%2Fwp%2Fv2%2Ftags&post=92577"}],"curies":[{"name":"wp","href":"https:\/\/api.w.org\/{rel}","templated":true}]}}