{"id":92588,"date":"2025-09-11T07:12:40","date_gmt":"2025-09-11T13:12:40","guid":{"rendered":"https:\/\/elinformante.mx\/?p=92588"},"modified":"2025-09-11T07:12:43","modified_gmt":"2025-09-11T13:12:43","slug":"marina-del-pilar-destaca-avances-en-reduccion-de-homicidios-en-baja-california","status":"publish","type":"post","link":"https:\/\/elinformante.mx\/?p=92588","title":{"rendered":"Marina del Pilar destaca avances en reducci\u00f3n de homicidios en Baja California"},"content":{"rendered":"\n<figure class=\"wp-block-pullquote\"><blockquote><p>Destac\u00f3 adem\u00e1s el respaldo de la Secretar\u00eda de la Defensa Nacional y la Guardia Nacional.<\/p><\/blockquote><\/figure>\n\n\n\n<p class=\"has-drop-cap\">Con el prop\u00f3sito de fortalecer lazos con la sociedad organizada y compartir los avances y estrategias en materia de seguridad, la gobernadora Marina del Pilar Avila Olmeda particip\u00f3 en la sesi\u00f3n ordinaria del Consejo Ciudadano de Seguridad P\u00fablica de Baja California.<br><\/p>\n\n\n\n<p>Destac\u00f3 que la entidad registra una disminuci\u00f3n del 41.2% en los homicidios dolosos diarios en comparaci\u00f3n con septiembre de 2024, resultado de la coordinaci\u00f3n con la federaci\u00f3n y los municipios en acciones de prevenci\u00f3n, inteligencia y combate frontal a la delincuencia.<br><\/p>\n\n\n\n<p>Tambi\u00e9n se abord\u00f3 la estrategia estatal contra la extorsi\u00f3n. La gobernadora subray\u00f3 que, en coordinaci\u00f3n con la Fiscal\u00eda General del Estado y la Secretar\u00eda de Seguridad Ciudadana, se han desarticulado once c\u00e9lulas criminales y detenido a 37 personas vinculadas con este il\u00edcito, lo que ha permitido devolver tranquilidad a comunidades como el Mercado de Abastos de Tijuana y zonas comerciales de Ensenada.<br><\/p>\n\n\n\n<p>La gobernadora indic\u00f3 que esta estrategia forma parte del esfuerzo federal encabezado por la presidenta Claudia Sheinbaum Pardo y el secretario de Seguridad, Omar Garc\u00eda Harfuch, con quienes se mantiene una coordinaci\u00f3n permanente.<br><\/p>\n\n\n\n<p>Destac\u00f3 adem\u00e1s el respaldo de la Secretar\u00eda de la Defensa Nacional y la Guardia Nacional, cuya participaci\u00f3n ha permitido fortalecer los operativos en la frontera y en los municipios con mayor incidencia delictiva.<br><\/p>\n\n\n\n<p>El presidente del Consejo Ciudadano, Roberto Quijano Sosa, present\u00f3 informaci\u00f3n derivada de estudios realizados por el organismo sobre presupuestos y programas de prevenci\u00f3n, mismos que servir\u00e1n como base para enriquecer la coordinaci\u00f3n interinstitucional.<br><\/p>\n\n\n\n<p>Finalmente, se sostuvo un di\u00e1logo abierto entre la gobernadora, las y los integrantes del Consejo, el secretario de Seguridad Ciudadana y la Fiscal\u00eda General del Estado, reafirmando la importancia de la colaboraci\u00f3n integral entre autoridades y ciudadan\u00eda para hacer frente a los desaf\u00edos en materia de seguridad p\u00fablica.<\/p>\n","protected":false},"excerpt":{"rendered":"<p>Destac\u00f3 adem\u00e1s el respaldo de la Secretar\u00eda de la Defensa Nacional y la Guardia Nacional. Con el prop\u00f3sito de fortalecer lazos con la sociedad organizada y compartir los avances y estrategias en materia de seguridad, la gobernadora Marina del Pilar Avila Olmeda particip\u00f3 en la sesi\u00f3n ordinaria del Consejo Ciudadano de Seguridad P\u00fablica de Baja [&hellip;]<\/p>\n","protected":false},"author":1,"featured_media":92589,"comment_status":"closed","ping_status":"closed","sticky":false,"template":"","format":"standard","meta":{"footnotes":""},"categories":[30,34],"tags":[],"class_list":["post-92588","post","type-post","status-publish","format-standard","has-post-thumbnail","hentry","category-destacado","category-nacional"],"_links":{"self":[{"href":"https:\/\/elinformante.mx\/index.php?rest_route=\/wp\/v2\/posts\/92588","targetHints":{"allow":["GET"]}}],"collection":[{"href":"https:\/\/elinformante.mx\/index.php?rest_route=\/wp\/v2\/posts"}],"about":[{"href":"https:\/\/elinformante.mx\/index.php?rest_route=\/wp\/v2\/types\/post"}],"author":[{"embeddable":true,"href":"https:\/\/elinformante.mx\/index.php?rest_route=\/wp\/v2\/users\/1"}],"replies":[{"embeddable":true,"href":"https:\/\/elinformante.mx\/index.php?rest_route=%2Fwp%2Fv2%2Fcomments&post=92588"}],"version-history":[{"count":0,"href":"https:\/\/elinformante.mx\/index.php?rest_route=\/wp\/v2\/posts\/92588\/revisions"}],"wp:featuredmedia":[{"embeddable":true,"href":"https:\/\/elinformante.mx\/index.php?rest_route=\/wp\/v2\/media\/92589"}],"wp:attachment":[{"href":"https:\/\/elinformante.mx\/index.php?rest_route=%2Fwp%2Fv2%2Fmedia&parent=92588"}],"wp:term":[{"taxonomy":"category","embeddable":true,"href":"https:\/\/elinformante.mx\/index.php?rest_route=%2Fwp%2Fv2%2Fcategories&post=92588"},{"taxonomy":"post_tag","embeddable":true,"href":"https:\/\/elinformante.mx\/index.php?rest_route=%2Fwp%2Fv2%2Ftags&post=92588"}],"curies":[{"name":"wp","href":"https:\/\/api.w.org\/{rel}","templated":true}]}}