{"id":92596,"date":"2025-09-11T07:20:52","date_gmt":"2025-09-11T13:20:52","guid":{"rendered":"https:\/\/elinformante.mx\/?p=92596"},"modified":"2025-09-11T07:20:56","modified_gmt":"2025-09-11T13:20:56","slug":"cae-1-26-la-matricula-de-estudiantes-en-mexico-sep","status":"publish","type":"post","link":"https:\/\/elinformante.mx\/?p=92596","title":{"rendered":"Cae 1.26% la matr\u00edcula de estudiantes en M\u00e9xico: SEP"},"content":{"rendered":"\n<figure class=\"wp-block-pullquote\"><blockquote><p>Se\u00f1alaron que se registr\u00f3 una baja importante en el total de estudiantes inscritos en el sistema educativo de M\u00e9xico.<\/p><\/blockquote><\/figure>\n\n\n\n<p class=\"has-drop-cap\">Reporta el sistema educativo nacional cambios en sus principales indicadores durante el ciclo escolar 2024-2025, que finaliz\u00f3 el pasado julio.<br><\/p>\n\n\n\n<p>Y es que destacaron la ca\u00edda en el total de alumnos inscritos en las escuelas mexicanas, que pas\u00f3 de 34.8 millones de inscritos a 34.4 millones, de acuerdo con cifras de la Secretar\u00eda de Educaci\u00f3n P\u00fablica (SEP). Esto implic\u00f3 una reducci\u00f3n de 1.26% en comparaci\u00f3n con el ciclo escolar previo.<br><\/p>\n\n\n\n<p>Mencionaron que la reducci\u00f3n en el total de ni\u00f1os y adolescentes matriculados en las escuelas se dio principalmente en la educaci\u00f3n p\u00fablica, que pas\u00f3 de 29.2 millones de estudiantes a solo 28.8 millones en este periodo.<br><\/p>\n\n\n\n<p>En contraste, en las instituciones privadas s\u00ed se logr\u00f3 un aumento de inscripciones, pasando de 5.5 millones a 5.6 millones de estudiantes.<br><\/p>\n\n\n\n<p>La ca\u00edda de matr\u00edcula se registr\u00f3 espec\u00edficamente en educaci\u00f3n inicial, preescolar y primaria.<\/p>\n","protected":false},"excerpt":{"rendered":"<p>Se\u00f1alaron que se registr\u00f3 una baja importante en el total de estudiantes inscritos en el sistema educativo de M\u00e9xico. Reporta el sistema educativo nacional cambios en sus principales indicadores durante el ciclo escolar 2024-2025, que finaliz\u00f3 el pasado julio. Y es que destacaron la ca\u00edda en el total de alumnos inscritos en las escuelas mexicanas, [&hellip;]<\/p>\n","protected":false},"author":1,"featured_media":92597,"comment_status":"closed","ping_status":"closed","sticky":false,"template":"","format":"standard","meta":{"footnotes":""},"categories":[30,34],"tags":[],"class_list":["post-92596","post","type-post","status-publish","format-standard","has-post-thumbnail","hentry","category-destacado","category-nacional"],"_links":{"self":[{"href":"https:\/\/elinformante.mx\/index.php?rest_route=\/wp\/v2\/posts\/92596","targetHints":{"allow":["GET"]}}],"collection":[{"href":"https:\/\/elinformante.mx\/index.php?rest_route=\/wp\/v2\/posts"}],"about":[{"href":"https:\/\/elinformante.mx\/index.php?rest_route=\/wp\/v2\/types\/post"}],"author":[{"embeddable":true,"href":"https:\/\/elinformante.mx\/index.php?rest_route=\/wp\/v2\/users\/1"}],"replies":[{"embeddable":true,"href":"https:\/\/elinformante.mx\/index.php?rest_route=%2Fwp%2Fv2%2Fcomments&post=92596"}],"version-history":[{"count":0,"href":"https:\/\/elinformante.mx\/index.php?rest_route=\/wp\/v2\/posts\/92596\/revisions"}],"wp:featuredmedia":[{"embeddable":true,"href":"https:\/\/elinformante.mx\/index.php?rest_route=\/wp\/v2\/media\/92597"}],"wp:attachment":[{"href":"https:\/\/elinformante.mx\/index.php?rest_route=%2Fwp%2Fv2%2Fmedia&parent=92596"}],"wp:term":[{"taxonomy":"category","embeddable":true,"href":"https:\/\/elinformante.mx\/index.php?rest_route=%2Fwp%2Fv2%2Fcategories&post=92596"},{"taxonomy":"post_tag","embeddable":true,"href":"https:\/\/elinformante.mx\/index.php?rest_route=%2Fwp%2Fv2%2Ftags&post=92596"}],"curies":[{"name":"wp","href":"https:\/\/api.w.org\/{rel}","templated":true}]}}