{"id":92620,"date":"2025-09-12T06:01:05","date_gmt":"2025-09-12T12:01:05","guid":{"rendered":"https:\/\/elinformante.mx\/?p=92620"},"modified":"2025-09-12T06:01:11","modified_gmt":"2025-09-12T12:01:11","slug":"invita-caem-a-ninas-ninos-y-jovenes-al-concurso-de-pintura-sobre-cuidado-del-agua","status":"publish","type":"post","link":"https:\/\/elinformante.mx\/?p=92620","title":{"rendered":"Invita CAEM a ni\u00f1as, ni\u00f1os y j\u00f3venes al Concurso de Pintura sobre cuidado del agua"},"content":{"rendered":"\n<figure class=\"wp-block-pullquote\"><blockquote><p>-Dirigido a estudiantes de preescolar, primaria y secundaria, as\u00ed como de educaci\u00f3n especial.<\/p><\/blockquote><\/figure>\n\n\n\n<p class=\"has-drop-cap\">Con el fin de promover el ahorro y uso eficiente del agua, fomentando la creatividad, la imaginaci\u00f3n y la participaci\u00f3n de ni\u00f1os y j\u00f3venes, el Gobierno del Estado de M\u00e9xico invita a los estudiantes de preescolar, primaria, secundaria y educaci\u00f3n especial de escuelas p\u00fablicas y privadas a participar en el Concurso de Pintura 2025 de la Comisi\u00f3n del Agua del Estado de M\u00e9xico (CAEM).<br><\/p>\n\n\n\n<p>Los alumnos podr\u00e1n participar en cinco categor\u00edas, de acuerdo a su grado escolar, con tres tem\u00e1ticas:<br><\/p>\n\n\n\n<p>-\u201cMi amiga, el agua\u201d, dirigida a preescolar.<br><\/p>\n\n\n\n<p>-\u201cEl agua es vida, cu\u00eddala\u201d, en tres categor\u00edas: 1\u00ba a 3\u00ba de primaria, 4\u00ba a 6\u00ba de primaria y educaci\u00f3n especial.<br><\/p>\n\n\n\n<p>-\u201cHagamos un uso eficiente del agua\u201d, para secundaria.<br><\/p>\n\n\n\n<figure class=\"wp-block-image size-large\"><img fetchpriority=\"high\" decoding=\"async\" width=\"1024\" height=\"506\" src=\"https:\/\/elinformante.mx\/wp-content\/uploads\/2025\/09\/13invita-2-1024x506.jpg\" alt=\"\" class=\"wp-image-92622\" srcset=\"https:\/\/elinformante.mx\/wp-content\/uploads\/2025\/09\/13invita-2-1024x506.jpg 1024w, https:\/\/elinformante.mx\/wp-content\/uploads\/2025\/09\/13invita-2-300x148.jpg 300w, https:\/\/elinformante.mx\/wp-content\/uploads\/2025\/09\/13invita-2-768x379.jpg 768w, https:\/\/elinformante.mx\/wp-content\/uploads\/2025\/09\/13invita-2.jpg 1140w\" sizes=\"(max-width: 1024px) 100vw, 1024px\" \/><\/figure>\n\n\n\n<p>El dibujo o pintura debe ser de creaci\u00f3n propia, se deber\u00e1n entregar en cartulina con medidas de 60 x 40 para las 5 categor\u00edas; en su reverso, deber\u00e1n anexar los siguientes datos: nombre del alumno y escuela, grado que se cursa, categor\u00eda, direcci\u00f3n del alumno y escuela, tel\u00e9fono, municipio y clave del centro educativo.<br><\/p>\n\n\n\n<p>Un jurado calificador elegir\u00e1 a los tres ganadores de cada categor\u00eda, para un total de 15 alumnos que podr\u00e1n ser acreedores a diversos premios como bicicletas, kit de protecci\u00f3n, mochilas y un premio sorpresa.<br><\/p>\n\n\n\n<p>Las personas interesadas podr\u00e1n entregar sus dibujos hasta el 24 de octubre, antes de 18:00 horas, en las oficinas de la CAEM; las direcciones se pueden consultar en https:\/\/caem.edomex.gob.mx\/gerencias-regionales as\u00ed como en las dependencias de Agua Potable y Organismos Operadores de su municipio: https:\/\/caem.edomex.gob.mx\/oficinas-agua-potable-y-organismos-op.<br><\/p>\n\n\n\n<p>La convocatoria est\u00e1 disponible en la p\u00e1gina web de la CAEM https:\/\/caem.edomex.gob.mx\/concurso-pintura, adem\u00e1s se pone a disposici\u00f3n un correo electr\u00f3nico para dudas: culturadelagua@caem.edomex.gob.mx.<\/p>\n","protected":false},"excerpt":{"rendered":"<p>-Dirigido a estudiantes de preescolar, primaria y secundaria, as\u00ed como de educaci\u00f3n especial. Con el fin de promover el ahorro y uso eficiente del agua, fomentando la creatividad, la imaginaci\u00f3n y la participaci\u00f3n de ni\u00f1os y j\u00f3venes, el Gobierno del Estado de M\u00e9xico invita a los estudiantes de preescolar, primaria, secundaria y educaci\u00f3n especial de [&hellip;]<\/p>\n","protected":false},"author":1,"featured_media":92621,"comment_status":"closed","ping_status":"closed","sticky":false,"template":"","format":"standard","meta":{"footnotes":""},"categories":[30,36],"tags":[],"class_list":["post-92620","post","type-post","status-publish","format-standard","has-post-thumbnail","hentry","category-destacado","category-edomex"],"_links":{"self":[{"href":"https:\/\/elinformante.mx\/index.php?rest_route=\/wp\/v2\/posts\/92620","targetHints":{"allow":["GET"]}}],"collection":[{"href":"https:\/\/elinformante.mx\/index.php?rest_route=\/wp\/v2\/posts"}],"about":[{"href":"https:\/\/elinformante.mx\/index.php?rest_route=\/wp\/v2\/types\/post"}],"author":[{"embeddable":true,"href":"https:\/\/elinformante.mx\/index.php?rest_route=\/wp\/v2\/users\/1"}],"replies":[{"embeddable":true,"href":"https:\/\/elinformante.mx\/index.php?rest_route=%2Fwp%2Fv2%2Fcomments&post=92620"}],"version-history":[{"count":0,"href":"https:\/\/elinformante.mx\/index.php?rest_route=\/wp\/v2\/posts\/92620\/revisions"}],"wp:featuredmedia":[{"embeddable":true,"href":"https:\/\/elinformante.mx\/index.php?rest_route=\/wp\/v2\/media\/92621"}],"wp:attachment":[{"href":"https:\/\/elinformante.mx\/index.php?rest_route=%2Fwp%2Fv2%2Fmedia&parent=92620"}],"wp:term":[{"taxonomy":"category","embeddable":true,"href":"https:\/\/elinformante.mx\/index.php?rest_route=%2Fwp%2Fv2%2Fcategories&post=92620"},{"taxonomy":"post_tag","embeddable":true,"href":"https:\/\/elinformante.mx\/index.php?rest_route=%2Fwp%2Fv2%2Ftags&post=92620"}],"curies":[{"name":"wp","href":"https:\/\/api.w.org\/{rel}","templated":true}]}}