{"id":92628,"date":"2025-09-12T06:16:31","date_gmt":"2025-09-12T12:16:31","guid":{"rendered":"https:\/\/elinformante.mx\/?p=92628"},"modified":"2025-09-12T06:16:48","modified_gmt":"2025-09-12T12:16:48","slug":"fernando-flores-entrega-camaras-de-videovigilancia-en-fuentes-de-san-gabriel","status":"publish","type":"post","link":"https:\/\/elinformante.mx\/?p=92628","title":{"rendered":"Fernando Flores entrega c\u00e1maras de videovigilancia en Fuentes de San Gabriel"},"content":{"rendered":"\n<figure class=\"wp-block-pullquote\"><blockquote><p>Con estas acciones el ayuntamiento busca fortalecer la videovigilancia e iluminaci\u00f3n de los espacios p\u00fablicos en Metepec<\/p><\/blockquote><\/figure>\n\n\n\n<p class=\"has-drop-cap\">El presidente municipal de Metepec, Fernando Flores Fern\u00e1ndez, hizo entrega de equipos de videovigilancia en el fraccionamiento Infonavit Fuentes de San Gabriel, cuyo objetivo es fortalecer la atenci\u00f3n, acercamiento y resultados inmediatos y efectivos a los problemas de la localidad.<br><\/p>\n\n\n\n<p>Durante la entrega, se\u00f1al\u00f3 que el principal prop\u00f3sito es la instalaci\u00f3n de un total de 700 nuevas c\u00e1maras de videovigilancia, bajo la estrategia de dise\u00f1ar un blindaje tecnol\u00f3gico que permita una vigilancia efectiva contra la delincuencia.<br><\/p>\n\n\n\n<p>Afirm\u00f3 que los dispositivos electr\u00f3nicos digitales de vanguardia, estar\u00e1n conectados al Centro de Mando, los cuales son parte de la nueva infraestructura urbana de reconocimiento y emisi\u00f3n de alertas.<br><\/p>\n\n\n\n<figure class=\"wp-block-image size-large\"><img fetchpriority=\"high\" decoding=\"async\" width=\"1024\" height=\"506\" src=\"https:\/\/elinformante.mx\/wp-content\/uploads\/2025\/09\/11metepec-2-1-1024x506.jpg\" alt=\"\" class=\"wp-image-92630\" srcset=\"https:\/\/elinformante.mx\/wp-content\/uploads\/2025\/09\/11metepec-2-1-1024x506.jpg 1024w, https:\/\/elinformante.mx\/wp-content\/uploads\/2025\/09\/11metepec-2-1-300x148.jpg 300w, https:\/\/elinformante.mx\/wp-content\/uploads\/2025\/09\/11metepec-2-1-768x379.jpg 768w, https:\/\/elinformante.mx\/wp-content\/uploads\/2025\/09\/11metepec-2-1.jpg 1140w\" sizes=\"(max-width: 1024px) 100vw, 1024px\" \/><\/figure>\n\n\n\n<p>Una de las prioridades del gobierno de Flores Fern\u00e1ndez es la de fortalecer el equipamiento policial y la vigilancia del espacio p\u00fablico para erradicar todo acto antisocial que la paz y tranquilidad de la poblaci\u00f3n.<br><\/p>\n\n\n\n<p>Se\u00f1al\u00f3 que de la misma forma y de manera paralela se busca tener calles mejor iluminadas, para ello est\u00e1 en proceso la habilitaci\u00f3n de un total de 9 mil l\u00e1mparas, la incorporaci\u00f3n de un centenar de patrullas y el mejoramiento permanente de la superficie de rodamiento, todo como ejes de la estrategia de seguridad y protecci\u00f3n de la ciudadan\u00eda.<br><\/p>\n\n\n\n<p>Fernando Flores reconoci\u00f3 la labor de los polic\u00edas, \u201cseres humanos que dan todo su esfuerzo por nosotros, por las familias, con la certeza de que salen de casa a trabajar, a servir, pero con la inc\u00f3gnita de un regreso seguro a su hogar\u201d.<\/p>\n","protected":false},"excerpt":{"rendered":"<p>Con estas acciones el ayuntamiento busca fortalecer la videovigilancia e iluminaci\u00f3n de los espacios p\u00fablicos en Metepec El presidente municipal de Metepec, Fernando Flores Fern\u00e1ndez, hizo entrega de equipos de videovigilancia en el fraccionamiento Infonavit Fuentes de San Gabriel, cuyo objetivo es fortalecer la atenci\u00f3n, acercamiento y resultados inmediatos y efectivos a los problemas de [&hellip;]<\/p>\n","protected":false},"author":1,"featured_media":92629,"comment_status":"closed","ping_status":"closed","sticky":false,"template":"","format":"standard","meta":{"footnotes":""},"categories":[36],"tags":[],"class_list":["post-92628","post","type-post","status-publish","format-standard","has-post-thumbnail","hentry","category-edomex"],"_links":{"self":[{"href":"https:\/\/elinformante.mx\/index.php?rest_route=\/wp\/v2\/posts\/92628","targetHints":{"allow":["GET"]}}],"collection":[{"href":"https:\/\/elinformante.mx\/index.php?rest_route=\/wp\/v2\/posts"}],"about":[{"href":"https:\/\/elinformante.mx\/index.php?rest_route=\/wp\/v2\/types\/post"}],"author":[{"embeddable":true,"href":"https:\/\/elinformante.mx\/index.php?rest_route=\/wp\/v2\/users\/1"}],"replies":[{"embeddable":true,"href":"https:\/\/elinformante.mx\/index.php?rest_route=%2Fwp%2Fv2%2Fcomments&post=92628"}],"version-history":[{"count":0,"href":"https:\/\/elinformante.mx\/index.php?rest_route=\/wp\/v2\/posts\/92628\/revisions"}],"wp:featuredmedia":[{"embeddable":true,"href":"https:\/\/elinformante.mx\/index.php?rest_route=\/wp\/v2\/media\/92629"}],"wp:attachment":[{"href":"https:\/\/elinformante.mx\/index.php?rest_route=%2Fwp%2Fv2%2Fmedia&parent=92628"}],"wp:term":[{"taxonomy":"category","embeddable":true,"href":"https:\/\/elinformante.mx\/index.php?rest_route=%2Fwp%2Fv2%2Fcategories&post=92628"},{"taxonomy":"post_tag","embeddable":true,"href":"https:\/\/elinformante.mx\/index.php?rest_route=%2Fwp%2Fv2%2Ftags&post=92628"}],"curies":[{"name":"wp","href":"https:\/\/api.w.org\/{rel}","templated":true}]}}