{"id":92636,"date":"2025-09-12T06:25:00","date_gmt":"2025-09-12T12:25:00","guid":{"rendered":"https:\/\/elinformante.mx\/?p=92636"},"modified":"2025-09-12T06:25:07","modified_gmt":"2025-09-12T12:25:07","slug":"analiza-investigadora-de-la-uaemex-el-impacto-de-la-deportacion-en-comunidades-rurales","status":"publish","type":"post","link":"https:\/\/elinformante.mx\/?p=92636","title":{"rendered":"Analiza investigadora de la UAEM\u00e9x el impacto de la deportaci\u00f3n en comunidades rurales"},"content":{"rendered":"\n<figure class=\"wp-block-pullquote\"><blockquote><p>-Investigadora de la UAEM\u00e9x estudia el impacto de la deportaci\u00f3n en comunidades rurales mexiquenses con el proyecto \u201cRegreso forzado al terru\u00f1o\u201d. Busca visibilizar el aspecto emocional y cultural del retorno involuntario.<\/p><\/blockquote><\/figure>\n\n\n\n<p class=\"has-drop-cap\">La profesora e investigadora del Instituto de Ciencias Agropecuarias y Rurales (ICAR) de la Universidad Aut\u00f3noma del Estado de M\u00e9xico (UAEM\u00e9x), Mar\u00eda del Socorro Casta\u00f1eda D\u00edaz, desarrolla un proyecto que analiza c\u00f3mo viven los migrantes mexicanos deportados su reinserci\u00f3n en comunidades rurales del pa\u00eds, particularmente en el Estado de M\u00e9xico.<br><\/p>\n\n\n\n<p>La investigaci\u00f3n, titulada \u201cRegreso forzado al terru\u00f1o, cuando todo es volver a empezar\u201d, explora las consecuencias sociales, culturales y emocionales que enfrentan los migrantes al ser deportados, principalmente desde Estados Unidos.<br><\/p>\n\n\n\n<p>\u201cImagina que te fuiste voluntariamente, pero regresas de manera forzada a un lugar que ya no sientes tuyo. Hay un duelo emocional, un da\u00f1o psicol\u00f3gico, m\u00e1s all\u00e1 de los tr\u00e1mites o la falta de recursos. Simplemente, ya no encajas\u201d, explic\u00f3 la acad\u00e9mica.<br><\/p>\n\n\n\n<p>Casta\u00f1eda D\u00edaz destac\u00f3 que muchos migrantes retornan a las mismas localidades de las que partieron por falta de oportunidades, donde enfrentan choques culturales y una sensaci\u00f3n de desarraigo.<br><\/p>\n\n\n\n<p>Aunque existen programas gubernamentales como \u201cM\u00e9xico te Abraza\u201d y \u201cMigrante Mexiquense\u201d, se\u00f1al\u00f3 que \u00e9stos no siempre consideran el componente emocional en la reintegraci\u00f3n de las personas deportadas.<br><\/p>\n\n\n\n<p>El proyecto recibi\u00f3 financiamiento por tres a\u00f1os de la Secretar\u00eda de Ciencia, Humanidades, Tecnolog\u00eda e Innovaci\u00f3n (Secihti) del Gobierno de M\u00e9xico, dentro de la primera convocatoria que respalda propuestas en el \u00e1mbito human\u00edstico.<br><\/p>\n\n\n\n<p>Los resultados de esta investigaci\u00f3n podr\u00edan servir para formular pol\u00edticas p\u00fablicas m\u00e1s sensibles y efectivas en apoyo a migrantes deportados, especialmente en comunidades con altos \u00edndices de marginaci\u00f3n.<br><\/p>\n\n\n\n<p>Finalmente, la acad\u00e9mica hizo un llamado a la comunidad universitaria a confiar en sus ideas y a impulsar proyectos con impacto social: \u201cDebemos continuar prepar\u00e1ndonos y atrevernos a proponer investigaciones que generen un cambio en la vida de las personas\u201d.<\/p>\n","protected":false},"excerpt":{"rendered":"<p>-Investigadora de la UAEM\u00e9x estudia el impacto de la deportaci\u00f3n en comunidades rurales mexiquenses con el proyecto \u201cRegreso forzado al terru\u00f1o\u201d. Busca visibilizar el aspecto emocional y cultural del retorno involuntario. La profesora e investigadora del Instituto de Ciencias Agropecuarias y Rurales (ICAR) de la Universidad Aut\u00f3noma del Estado de M\u00e9xico (UAEM\u00e9x), Mar\u00eda del Socorro [&hellip;]<\/p>\n","protected":false},"author":1,"featured_media":92637,"comment_status":"closed","ping_status":"closed","sticky":false,"template":"","format":"standard","meta":{"footnotes":""},"categories":[30,36],"tags":[],"class_list":["post-92636","post","type-post","status-publish","format-standard","has-post-thumbnail","hentry","category-destacado","category-edomex"],"_links":{"self":[{"href":"https:\/\/elinformante.mx\/index.php?rest_route=\/wp\/v2\/posts\/92636","targetHints":{"allow":["GET"]}}],"collection":[{"href":"https:\/\/elinformante.mx\/index.php?rest_route=\/wp\/v2\/posts"}],"about":[{"href":"https:\/\/elinformante.mx\/index.php?rest_route=\/wp\/v2\/types\/post"}],"author":[{"embeddable":true,"href":"https:\/\/elinformante.mx\/index.php?rest_route=\/wp\/v2\/users\/1"}],"replies":[{"embeddable":true,"href":"https:\/\/elinformante.mx\/index.php?rest_route=%2Fwp%2Fv2%2Fcomments&post=92636"}],"version-history":[{"count":0,"href":"https:\/\/elinformante.mx\/index.php?rest_route=\/wp\/v2\/posts\/92636\/revisions"}],"wp:featuredmedia":[{"embeddable":true,"href":"https:\/\/elinformante.mx\/index.php?rest_route=\/wp\/v2\/media\/92637"}],"wp:attachment":[{"href":"https:\/\/elinformante.mx\/index.php?rest_route=%2Fwp%2Fv2%2Fmedia&parent=92636"}],"wp:term":[{"taxonomy":"category","embeddable":true,"href":"https:\/\/elinformante.mx\/index.php?rest_route=%2Fwp%2Fv2%2Fcategories&post=92636"},{"taxonomy":"post_tag","embeddable":true,"href":"https:\/\/elinformante.mx\/index.php?rest_route=%2Fwp%2Fv2%2Ftags&post=92636"}],"curies":[{"name":"wp","href":"https:\/\/api.w.org\/{rel}","templated":true}]}}