{"id":92638,"date":"2025-09-12T06:28:04","date_gmt":"2025-09-12T12:28:04","guid":{"rendered":"https:\/\/elinformante.mx\/?p=92638"},"modified":"2025-09-12T06:28:08","modified_gmt":"2025-09-12T12:28:08","slug":"gem-y-metepec-firman-convenio-para-proteger-la-labor-periodistica-y-la-defensa-de-los-derechos-humanos","status":"publish","type":"post","link":"https:\/\/elinformante.mx\/?p=92638","title":{"rendered":"GEM y Metepec firman convenio para proteger la labor period\u00edstica y la defensa de los derechos humanos"},"content":{"rendered":"\n<figure class=\"wp-block-pullquote\"><blockquote><p>-Tiene como objetivo actuar y brindar apoyo de manera inmediata ante situaciones de riesgo.<\/p><\/blockquote><\/figure>\n\n\n\n<p class=\"has-drop-cap\">El Gobierno del Estado de M\u00e9xico y el Ayuntamiento de Metepec, encabezado por Fernando Flores Fern\u00e1ndez, llevaron a cabo la firma de un convenio de coordinaci\u00f3n interinstitucional en materia de protecci\u00f3n integral para periodistas y personas defensoras de los derechos humanos, para fortalecer la defensa y seguridad de ambos grupos, en caso de presentarse alguna situaci\u00f3n de riesgo al desempe\u00f1ar su labor.<br><\/p>\n\n\n\n<p>Este convenio contempla la protecci\u00f3n de manera inmediata a periodistas y personas defensoras de derechos humanos, establecer esquemas de protecci\u00f3n r\u00e1pida mediante enlaces, reforzar canales de comunicaci\u00f3n interinstitucional y fortalecer la coordinaci\u00f3n con los tres \u00f3rdenes de gobierno.<br><\/p>\n\n\n\n<p>El coordinador Ejecutivo del Mecanismo para la Protecci\u00f3n Integral de Periodistas y Personas Defensoras delos Derechos Humanos (CEMPIDH), Luis Miguel Carriedo T\u00e9llez, indic\u00f3 que este convenio consolida a un Estado de M\u00e9xico que defiende la libertad de expresi\u00f3n y a quienes luchan por la promoci\u00f3n de garant\u00edas individuales, objetivo primordial de la Gobernadora Delfina G\u00f3mez \u00c1lvarez.<br><\/p>\n\n\n\n<p>Adem\u00e1s que se establecer\u00e1 el convenio la designaci\u00f3n de enlaces para que podamos comunicarnos r\u00e1pidamente cuando haya alguna situaci\u00f3n, explic\u00f3 Luis Miguel Carriedo.<br><\/p>\n\n\n\n<p>Puntualiz\u00f3 que con esta acci\u00f3n el Ayuntamiento de Metepec tambi\u00e9n puede acercarse de manera directa con la CEMPIDH cuando periodistas o personas defensoras se acerquen a las oficinas municipales a solicitar alg\u00fan tipo de protecci\u00f3n.<br><\/p>\n\n\n\n<p>Al respecto, Fernando Flores Fern\u00e1ndez, Presidente Municipal de Metepec, destac\u00f3 que trabajar\u00e1 de manera coordinada en esta materia con los Gobiernos federal y estatal.<br><\/p>\n\n\n\n<p>Se\u00f1al\u00f3 que en Metepec siempre se ha tenido un enorme respeto de aquellos ejercen el periodismo de manera responsable, as\u00ed de todas y todos quienes promueven los derechos humanos de manera individual, colectiva o gremial.<br><\/p>\n\n\n\n<p>Se\u00f1al\u00f3 que en este convenio se unieron los esfuerzos de los tres \u00f3rdenes de gobierno, poniendo en disposici\u00f3n todos los mecanismos necesarios para proteger la libertad de expresi\u00f3n.<\/p>\n","protected":false},"excerpt":{"rendered":"<p>-Tiene como objetivo actuar y brindar apoyo de manera inmediata ante situaciones de riesgo. El Gobierno del Estado de M\u00e9xico y el Ayuntamiento de Metepec, encabezado por Fernando Flores Fern\u00e1ndez, llevaron a cabo la firma de un convenio de coordinaci\u00f3n interinstitucional en materia de protecci\u00f3n integral para periodistas y personas defensoras de los derechos humanos, [&hellip;]<\/p>\n","protected":false},"author":1,"featured_media":92639,"comment_status":"closed","ping_status":"closed","sticky":false,"template":"","format":"standard","meta":{"footnotes":""},"categories":[36],"tags":[],"class_list":["post-92638","post","type-post","status-publish","format-standard","has-post-thumbnail","hentry","category-edomex"],"_links":{"self":[{"href":"https:\/\/elinformante.mx\/index.php?rest_route=\/wp\/v2\/posts\/92638","targetHints":{"allow":["GET"]}}],"collection":[{"href":"https:\/\/elinformante.mx\/index.php?rest_route=\/wp\/v2\/posts"}],"about":[{"href":"https:\/\/elinformante.mx\/index.php?rest_route=\/wp\/v2\/types\/post"}],"author":[{"embeddable":true,"href":"https:\/\/elinformante.mx\/index.php?rest_route=\/wp\/v2\/users\/1"}],"replies":[{"embeddable":true,"href":"https:\/\/elinformante.mx\/index.php?rest_route=%2Fwp%2Fv2%2Fcomments&post=92638"}],"version-history":[{"count":0,"href":"https:\/\/elinformante.mx\/index.php?rest_route=\/wp\/v2\/posts\/92638\/revisions"}],"wp:featuredmedia":[{"embeddable":true,"href":"https:\/\/elinformante.mx\/index.php?rest_route=\/wp\/v2\/media\/92639"}],"wp:attachment":[{"href":"https:\/\/elinformante.mx\/index.php?rest_route=%2Fwp%2Fv2%2Fmedia&parent=92638"}],"wp:term":[{"taxonomy":"category","embeddable":true,"href":"https:\/\/elinformante.mx\/index.php?rest_route=%2Fwp%2Fv2%2Fcategories&post=92638"},{"taxonomy":"post_tag","embeddable":true,"href":"https:\/\/elinformante.mx\/index.php?rest_route=%2Fwp%2Fv2%2Ftags&post=92638"}],"curies":[{"name":"wp","href":"https:\/\/api.w.org\/{rel}","templated":true}]}}