{"id":92640,"date":"2025-09-12T06:33:12","date_gmt":"2025-09-12T12:33:12","guid":{"rendered":"https:\/\/elinformante.mx\/?p=92640"},"modified":"2025-09-12T06:33:18","modified_gmt":"2025-09-12T12:33:18","slug":"externa-su-apoyo-y-solidaridad-delfina-gomez-con-victimas-de-accidentes-en-atlacomulco-e-iztapalapa","status":"publish","type":"post","link":"https:\/\/elinformante.mx\/?p=92640","title":{"rendered":"Externa su apoyo y solidaridad Delfina G\u00f3mez con v\u00edctimas de accidentes en Atlacomulco e Iztapalapa"},"content":{"rendered":"\n<figure class=\"wp-block-pullquote\"><blockquote><p>-\u201dTienen en este gobierno un aliado que siempre estar\u00e1 para servir a quienes m\u00e1s lo necesitan\u201d, se\u00f1al\u00f3 la mandataria.<\/p><\/blockquote><\/figure>\n\n\n\n<p class=\"has-drop-cap\">La Gobernadora Delfina G\u00f3mez \u00c1lvarez expres\u00f3 su respeto y solidaridad con las v\u00edctimas y familias afectadas por el accidente entre un autob\u00fas de pasajeros y un tren en Atlacomulco, as\u00ed como por la explosi\u00f3n de una pipa en la alcald\u00eda Iztapalapa, ambos ocurridos esta semana.<br><\/p>\n\n\n\n<p>\u201cEn estos momentos tan dif\u00edciles, la uni\u00f3n, la empat\u00eda y el apoyo son nuestra manera de acompa\u00f1ar y arropar el dolor de las familias\u201d, se\u00f1al\u00f3.<br><\/p>\n\n\n\n<p>La Maestra Delfina G\u00f3mez destac\u00f3 la respuesta inmediata de los cuerpos de emergencia estatales, entre ellos a la Coordinaci\u00f3n General de Protecci\u00f3n Civil y Gesti\u00f3n Integral del Riesgo, el Grupo de Rescate A\u00e9reo Rel\u00e1mpagos \u2014con 130 elementos y 20 unidades desplegadas\u2014, la Secretar\u00eda de Salud y hospitales p\u00fablicos y privados, as\u00ed como el SUEM, la Cruz Roja, bomberos y personal de seguridad. De manera especial, reconoci\u00f3 al Hospital General de Atlacomulco, al Hospital General de Ixtlahuaca, al Hospital General de San Felipe del Progreso, al Centro M\u00e9dico Adolfo L\u00f3pez Mateos, as\u00ed como al Hospital M\u00e9dica MIA, al Hospital Santa Mar\u00eda y el Centro M\u00e9dico de Ixtlahuaca que han brindado atenci\u00f3n a las personas lesionadas.<br><\/p>\n\n\n\n<p>Agradeci\u00f3 la colaboraci\u00f3n del Secretario de Seguridad estatal, Crist\u00f3bal Casta\u00f1eda Camarillo y a los municipios que se sumaron a esta causa.<br><\/p>\n\n\n\n<p>De igual forma, al Gobierno de M\u00e9xico y del Gobierno de la Ciudad de M\u00e9xico, as\u00ed como de instituciones de salud federales como el IMSS 157 de Texcoco y el IMSS 53 de Los Reyes La Paz.<br><\/p>\n\n\n\n<p>\u201cSeguiremos trabajando con humanismo, cercan\u00eda y humildad para dar acompa\u00f1amiento permanente a las y los familiares de las v\u00edctimas, porque no est\u00e1n solas ni solos. Tienen en este gobierno un aliado que siempre estar\u00e1 para servir a quienes m\u00e1s lo necesitan\u201d, concluy\u00f3.<br><\/p>\n\n\n\n<p>Las palabras de solidaridad de la Gobernadora del Estado de M\u00e9xico se dieron durante su intervenci\u00f3n en el marco de la instalaci\u00f3n del Comit\u00e9 Promotor de Inversiones del Estado de M\u00e9xico, celebrado en Toluca, donde se reuni\u00f3 con representantes del sector empresarial, autoridades federales, estatales y municipales.<\/p>\n","protected":false},"excerpt":{"rendered":"<p>-\u201dTienen en este gobierno un aliado que siempre estar\u00e1 para servir a quienes m\u00e1s lo necesitan\u201d, se\u00f1al\u00f3 la mandataria. La Gobernadora Delfina G\u00f3mez \u00c1lvarez expres\u00f3 su respeto y solidaridad con las v\u00edctimas y familias afectadas por el accidente entre un autob\u00fas de pasajeros y un tren en Atlacomulco, as\u00ed como por la explosi\u00f3n de una [&hellip;]<\/p>\n","protected":false},"author":1,"featured_media":92641,"comment_status":"closed","ping_status":"closed","sticky":false,"template":"","format":"standard","meta":{"footnotes":""},"categories":[30,36],"tags":[],"class_list":["post-92640","post","type-post","status-publish","format-standard","has-post-thumbnail","hentry","category-destacado","category-edomex"],"_links":{"self":[{"href":"https:\/\/elinformante.mx\/index.php?rest_route=\/wp\/v2\/posts\/92640","targetHints":{"allow":["GET"]}}],"collection":[{"href":"https:\/\/elinformante.mx\/index.php?rest_route=\/wp\/v2\/posts"}],"about":[{"href":"https:\/\/elinformante.mx\/index.php?rest_route=\/wp\/v2\/types\/post"}],"author":[{"embeddable":true,"href":"https:\/\/elinformante.mx\/index.php?rest_route=\/wp\/v2\/users\/1"}],"replies":[{"embeddable":true,"href":"https:\/\/elinformante.mx\/index.php?rest_route=%2Fwp%2Fv2%2Fcomments&post=92640"}],"version-history":[{"count":0,"href":"https:\/\/elinformante.mx\/index.php?rest_route=\/wp\/v2\/posts\/92640\/revisions"}],"wp:featuredmedia":[{"embeddable":true,"href":"https:\/\/elinformante.mx\/index.php?rest_route=\/wp\/v2\/media\/92641"}],"wp:attachment":[{"href":"https:\/\/elinformante.mx\/index.php?rest_route=%2Fwp%2Fv2%2Fmedia&parent=92640"}],"wp:term":[{"taxonomy":"category","embeddable":true,"href":"https:\/\/elinformante.mx\/index.php?rest_route=%2Fwp%2Fv2%2Fcategories&post=92640"},{"taxonomy":"post_tag","embeddable":true,"href":"https:\/\/elinformante.mx\/index.php?rest_route=%2Fwp%2Fv2%2Ftags&post=92640"}],"curies":[{"name":"wp","href":"https:\/\/api.w.org\/{rel}","templated":true}]}}