{"id":92654,"date":"2025-09-12T07:15:08","date_gmt":"2025-09-12T13:15:08","guid":{"rendered":"https:\/\/elinformante.mx\/?p=92654"},"modified":"2025-09-12T07:15:11","modified_gmt":"2025-09-12T13:15:11","slug":"firman-llamado-a-la-accion-por-una-nueva-gobernanza-sustentable-gobierno-de-cdmx-y-municipios-de-la-zmvm","status":"publish","type":"post","link":"https:\/\/elinformante.mx\/?p=92654","title":{"rendered":"Firman \u201cLlamado a la Acci\u00f3n por una Nueva Gobernanza Sustentable\u201d gobierno de CDMX y municipios de la ZMVM"},"content":{"rendered":"\n<figure class=\"wp-block-pullquote\"><blockquote><p>Durante el evento, el Secretario Alejandro Encinas Rodr\u00edguez destac\u00f3 que la ZMVM vive una coyuntura que deben aprovechar quienes la gobiernan y habitan.<\/p><\/blockquote><\/figure>\n\n\n\n<p class=\"has-drop-cap\">En un momento hist\u00f3rico para la Zona Metropolitana del Valle de M\u00e9xico (ZMVM), se llev\u00f3 a cabo la firma del \u201cLlamado a la Acci\u00f3n por una Nueva Gobernanza Sustentable\u201d, un documento que consolida el compromiso pol\u00edtico de autoridades de los tres niveles de gobierno para avanzar hacia una coordinaci\u00f3n regional m\u00e1s justa, efectiva y sustentable.<br><\/p>\n\n\n\n<p>El acto tuvo lugar en el Universum, Museo de las Ciencias de la UNAM, fue encabezado por Alejandro Encinas, Secretario de Planeaci\u00f3n, Ordenamiento Territorial y Coordinaci\u00f3n Metropolitana (Metr\u00f3polis) y Julia \u00c1lvarez Icaza Ram\u00edrez, Secretaria de Medio Ambiente del Gobierno de la Ciudad de M\u00e9xico, en representaci\u00f3n de la Jefa de Gobierno, Clara Brugada Molina.<br><\/p>\n\n\n\n<p>Cont\u00f3 con la participaci\u00f3n de autoridades federales y estatales, presidentes municipales, legisladoras y legisladores de los congresos federales y locales, alcaldesas y alcaldes de diversas demarcaciones de la ZMVM, as\u00ed como Agbessi Cora, docente de la Facultad de Derechos de la Universidad Agostino Neto, Angola; Eduardo Saad del Amazonia Research Center y Manuel Espinoza de los Monteros, investigador Senior del Centro Zicklin de Gobernanza y \u00c9tica Empresarial de la U de Pensilvania.<br><\/p>\n\n\n\n<p>Esta reuni\u00f3n fortalece el proceso de integraci\u00f3n institucional derivado del proyecto de delimitaci\u00f3n de la nueva ZMVM, que no solamente actualiza sus l\u00edmites administrativos y demogr\u00e1ficos, sino que tambi\u00e9n incorpora criterios hidrol\u00f3gicos y ecosist\u00e9micos.<br><\/p>\n\n\n\n<p>Con ello, se avanza hacia una planeaci\u00f3n metropolitana m\u00e1s integral, capaz de reconocer la interdependencia entre las din\u00e1micas rurales, urbanas y los sistemas naturales que sostienen a la regi\u00f3n, conforme a lo dispuesto por la Jefa de Gobierno de la CDMX.<br><\/p>\n\n\n\n<p>La firma simboliza la voluntad conjunta de articular esfuerzos entre el sector p\u00fablico y el sector acad\u00e9mico para enfrentar desaf\u00edos metropolitanos como la justicia territorial, el cuidado del medio ambiente y el agua, la planeaci\u00f3n y la coordinaci\u00f3n interinstitucional para ello.<br><\/p>\n\n\n\n<p>Durante el evento, el Secretario Alejandro Encinas Rodr\u00edguez destac\u00f3 que la ZMVM vive una coyuntura que deben aprovechar quienes la gobiernan y habitan, a fin de lograr un redise\u00f1o de acciones y pol\u00edticas para implementar una nueva visi\u00f3n que permita una gobernanza metropolitana.<br><\/p>\n\n\n\n<p>Refrend\u00f3 el compromiso de la Ciudad para hacer, junto con todos los actores participantes, una aut\u00e9ntica transformaci\u00f3n metropolitana y sustentable.<br><\/p>\n\n\n\n<p>A su vez, la Secretaria Julia \u00c1lvarez Icaza di\u00f3 lectura a los siete puntos del Llamado a la Acci\u00f3n, y al alertar sobre la existencia de una crisis clim\u00e1tica, mencion\u00f3 que ya no es posible pensar en el planeta, en la ciudad y en una ZMVM, si no se contempla una visi\u00f3n sustentable.<br><\/p>\n\n\n\n<p>El \u201cLlamado a la Acci\u00f3n\u201d constituye en una declaraci\u00f3n conjunta que reconoce no solamente a municipios y alcald\u00edas, sino tambi\u00e9n a los diversos actores sociales, econ\u00f3micos, acad\u00e9micos e institucionales que hacen posible la construcci\u00f3n de gobernanza metropolitana.<br><\/p>\n\n\n\n<p>M\u00e1s que un instrumento para justificar pol\u00edticas p\u00fablicas, se presenta como una convocatoria a sumar esfuerzos y voluntades para abordar la cuesti\u00f3n territorial desde una perspectiva integral, que trascienda fronteras pol\u00edtico-administrativas y proyecte una agenda com\u00fan con visi\u00f3n local, metropolitana y global.<\/p>\n","protected":false},"excerpt":{"rendered":"<p>Durante el evento, el Secretario Alejandro Encinas Rodr\u00edguez destac\u00f3 que la ZMVM vive una coyuntura que deben aprovechar quienes la gobiernan y habitan. En un momento hist\u00f3rico para la Zona Metropolitana del Valle de M\u00e9xico (ZMVM), se llev\u00f3 a cabo la firma del \u201cLlamado a la Acci\u00f3n por una Nueva Gobernanza Sustentable\u201d, un documento que [&hellip;]<\/p>\n","protected":false},"author":1,"featured_media":92655,"comment_status":"closed","ping_status":"closed","sticky":false,"template":"","format":"standard","meta":{"footnotes":""},"categories":[35],"tags":[],"class_list":["post-92654","post","type-post","status-publish","format-standard","has-post-thumbnail","hentry","category-cdmx"],"_links":{"self":[{"href":"https:\/\/elinformante.mx\/index.php?rest_route=\/wp\/v2\/posts\/92654","targetHints":{"allow":["GET"]}}],"collection":[{"href":"https:\/\/elinformante.mx\/index.php?rest_route=\/wp\/v2\/posts"}],"about":[{"href":"https:\/\/elinformante.mx\/index.php?rest_route=\/wp\/v2\/types\/post"}],"author":[{"embeddable":true,"href":"https:\/\/elinformante.mx\/index.php?rest_route=\/wp\/v2\/users\/1"}],"replies":[{"embeddable":true,"href":"https:\/\/elinformante.mx\/index.php?rest_route=%2Fwp%2Fv2%2Fcomments&post=92654"}],"version-history":[{"count":0,"href":"https:\/\/elinformante.mx\/index.php?rest_route=\/wp\/v2\/posts\/92654\/revisions"}],"wp:featuredmedia":[{"embeddable":true,"href":"https:\/\/elinformante.mx\/index.php?rest_route=\/wp\/v2\/media\/92655"}],"wp:attachment":[{"href":"https:\/\/elinformante.mx\/index.php?rest_route=%2Fwp%2Fv2%2Fmedia&parent=92654"}],"wp:term":[{"taxonomy":"category","embeddable":true,"href":"https:\/\/elinformante.mx\/index.php?rest_route=%2Fwp%2Fv2%2Fcategories&post=92654"},{"taxonomy":"post_tag","embeddable":true,"href":"https:\/\/elinformante.mx\/index.php?rest_route=%2Fwp%2Fv2%2Ftags&post=92654"}],"curies":[{"name":"wp","href":"https:\/\/api.w.org\/{rel}","templated":true}]}}