{"id":92656,"date":"2025-09-12T07:20:48","date_gmt":"2025-09-12T13:20:48","guid":{"rendered":"https:\/\/elinformante.mx\/?p=92656"},"modified":"2025-09-12T07:20:51","modified_gmt":"2025-09-12T13:20:51","slug":"clara-brugada-encabeza-encendido-de-luces-como-parte-de-los-festejos-del-mes-patrio","status":"publish","type":"post","link":"https:\/\/elinformante.mx\/?p=92656","title":{"rendered":"Clara Brugada encabeza encendido de luces como parte de los festejos del mes patrio"},"content":{"rendered":"\n<figure class=\"wp-block-pullquote\"><blockquote><p>Brugada Molina resalt\u00f3 el papel de las mujeres en la Independencia.<\/p><\/blockquote><\/figure>\n\n\n\n<p class=\"has-drop-cap\">La Jefa de Gobierno, Clara Brugada Molina, encabez\u00f3 el encendido del alumbrado conmemorativo de las fiestas patrias en el Z\u00f3calo capitalino, en el marco de las celebraciones del 215 Aniversario del Inicio de la Independencia de M\u00e9xico.<br><\/p>\n\n\n\n<p>Durante su mensaje, la mandataria capitalina se\u00f1al\u00f3 que este encendido es un acto de memoria y solidaridad, en un momento dif\u00edcil para la ciudad.<br><\/p>\n\n\n\n<p>\u201cHoy nos toca encender la luz de nuestra historia y de nuestra identidad. Pero hoy no podemos estar alegres; hoy tenemos tristeza. Hoy estamos todav\u00eda en un momento muy dif\u00edcil para los familiares, para las v\u00edctimas de la tragedia de ayer. Sin embargo, aqu\u00ed estamos con toda la solidaridad de la Ciudad de M\u00e9xico y con todo el compromiso que amerita estos momentos\u201d, manifest\u00f3.<br><\/p>\n\n\n\n<p>El dise\u00f1o de este a\u00f1o rinde homenaje a los h\u00e9roes y hero\u00ednas de la Independencia, entre ellos el cura Miguel Hidalgo y Costilla, Josefa Ortiz, Jos\u00e9 Mar\u00eda Morelos y Pav\u00f3n y Leona Vicario, adem\u00e1s de s\u00edmbolos emblem\u00e1ticos como la Campana de Dolores, la Constituci\u00f3n Mexicana, la Bandera Nacional y la representaci\u00f3n de La Patria, rodeada de listones tricolores y ornamentos caracter\u00edsticos de la \u00e9poca.<br><\/p>\n\n\n\n<p>La Jefa de Gobierno destac\u00f3 la relevancia hist\u00f3rica de esta conmemoraci\u00f3n al recordar que \u201cvamos a ver las im\u00e1genes de Miguel Hidalgo, de Jos\u00e9 Mar\u00eda Morelos y Pav\u00f3n, que imaginaron y lucharon por una naci\u00f3n libre, soberana y justa\u201d, y subray\u00f3 que en este a\u00f1o las fiestas patrias tienen un matiz especial porque \u201csomos parte de una gran transformaci\u00f3n, y el 15 de septiembre recibiremos el primer Grito de la historia pronunciado por una mujer presidenta de la Rep\u00fablica\u201d.<br><\/p>\n\n\n\n<p>Brugada Molina resalt\u00f3 el papel de las mujeres en la Independencia y la necesidad de seguir reconociendo a \u201cdo\u00f1a Josefa Ortiz, que ya no le ponemos de Dom\u00ednguez porque tiene su propio apellido, Josefa Ortiz. Y tambi\u00e9n a Leona Vicario y a tantas otras que dieron rumbo a nuestra patria. Es hora de reconocer a las mujeres que siempre quedaron atr\u00e1s escondidas y olvidadas\u201d.<br><\/p>\n\n\n\n<p>Por ello, encomend\u00f3 a la Secretar\u00eda de Obras y Servicios (SOBSE) que el pr\u00f3ximo a\u00f1o los s\u00edmbolos femeninos de la historia est\u00e9n presentes en la iluminaci\u00f3n del Z\u00f3calo capitalino.<br><\/p>\n\n\n\n<p>Reconoci\u00f3 a las atletas paral\u00edmpicas mexicanas que participaron en el encendido del alumbrado, quienes, asegur\u00f3, se convierten en ese s\u00edmbolo de fuerza, de lucha, de resistencia, de lo que muchos podr\u00edan decir que es imposible, aqu\u00ed ellas lo hacen posible. Son las hero\u00ednas deportivas que tenemos y todo nuestro respeto y apoyo a ustedes.<br><\/p>\n\n\n\n<p>El titular de la SOBSE, Ra\u00fal Basulto Luviano inform\u00f3 que para esta celebraci\u00f3n se instalaron tambi\u00e9n conjuntos monumentales en la Avenida 20 de Noviembre y en la plancha del Z\u00f3calo, as\u00ed como mosaicos luminosos en la Glorieta de la Columna de la Independencia y en el cruce de Paseo de la Reforma con Avenida de los Insurgentes, con representaciones del Escudo Nacional, un \u00e1guila real y la Victoria Alada.<br><\/p>\n\n\n\n<p>A partir de esta noche y hasta finales de septiembre, habitantes de la zona metropolitana y visitantes nacionales y extranjeros podr\u00e1n admirar las figuras iluminadas representativas del movimiento de Independencia de M\u00e9xico.<\/p>\n","protected":false},"excerpt":{"rendered":"<p>Brugada Molina resalt\u00f3 el papel de las mujeres en la Independencia. La Jefa de Gobierno, Clara Brugada Molina, encabez\u00f3 el encendido del alumbrado conmemorativo de las fiestas patrias en el Z\u00f3calo capitalino, en el marco de las celebraciones del 215 Aniversario del Inicio de la Independencia de M\u00e9xico. Durante su mensaje, la mandataria capitalina se\u00f1al\u00f3 [&hellip;]<\/p>\n","protected":false},"author":1,"featured_media":92657,"comment_status":"closed","ping_status":"closed","sticky":false,"template":"","format":"standard","meta":{"footnotes":""},"categories":[35,30],"tags":[],"class_list":["post-92656","post","type-post","status-publish","format-standard","has-post-thumbnail","hentry","category-cdmx","category-destacado"],"_links":{"self":[{"href":"https:\/\/elinformante.mx\/index.php?rest_route=\/wp\/v2\/posts\/92656","targetHints":{"allow":["GET"]}}],"collection":[{"href":"https:\/\/elinformante.mx\/index.php?rest_route=\/wp\/v2\/posts"}],"about":[{"href":"https:\/\/elinformante.mx\/index.php?rest_route=\/wp\/v2\/types\/post"}],"author":[{"embeddable":true,"href":"https:\/\/elinformante.mx\/index.php?rest_route=\/wp\/v2\/users\/1"}],"replies":[{"embeddable":true,"href":"https:\/\/elinformante.mx\/index.php?rest_route=%2Fwp%2Fv2%2Fcomments&post=92656"}],"version-history":[{"count":0,"href":"https:\/\/elinformante.mx\/index.php?rest_route=\/wp\/v2\/posts\/92656\/revisions"}],"wp:featuredmedia":[{"embeddable":true,"href":"https:\/\/elinformante.mx\/index.php?rest_route=\/wp\/v2\/media\/92657"}],"wp:attachment":[{"href":"https:\/\/elinformante.mx\/index.php?rest_route=%2Fwp%2Fv2%2Fmedia&parent=92656"}],"wp:term":[{"taxonomy":"category","embeddable":true,"href":"https:\/\/elinformante.mx\/index.php?rest_route=%2Fwp%2Fv2%2Fcategories&post=92656"},{"taxonomy":"post_tag","embeddable":true,"href":"https:\/\/elinformante.mx\/index.php?rest_route=%2Fwp%2Fv2%2Ftags&post=92656"}],"curies":[{"name":"wp","href":"https:\/\/api.w.org\/{rel}","templated":true}]}}