{"id":92660,"date":"2025-09-12T07:26:17","date_gmt":"2025-09-12T13:26:17","guid":{"rendered":"https:\/\/elinformante.mx\/?p=92660"},"modified":"2025-09-12T07:26:23","modified_gmt":"2025-09-12T13:26:23","slug":"mara-lezama-asiste-en-bacalar-al-informe-de-jose-alfredo-contreras-mendez","status":"publish","type":"post","link":"https:\/\/elinformante.mx\/?p=92660","title":{"rendered":"Mara Lezama asiste en Bacalar al informe de Jos\u00e9 Alfredo Contreras M\u00e9ndez"},"content":{"rendered":"\n<figure class=\"wp-block-pullquote\"><blockquote><p>Afirm\u00f3 que el segundo piso de la Cuarta Transformaci\u00f3n avanza en Quintana Roo.<\/p><\/blockquote><\/figure>\n\n\n\n<p class=\"has-drop-cap\">La gobernadora Mara Lezama Espinosa destac\u00f3 que Bacalar, baluarte de Quintana Roo, con su fuerte amurallado \u2014testigo de la defensa del palo de tinte y de la Guerra de Castas, y vigilante de la majestuosa Laguna de los Siete Colores\u2014 avanza con paso firme en su transformaci\u00f3n para el bienestar de las y los bacalarenses.<br><\/p>\n\n\n\n<p>Tras escuchar el mensaje del presidente municipal de Bacalar, Jos\u00e9 Alfredo Contreras M\u00e9ndez, con motivo de su Primer Informe de Gobierno de la administraci\u00f3n 2024-2027, Mara Lezama afirm\u00f3 que el segundo piso de la Cuarta Transformaci\u00f3n avanza en Quintana Roo.<br><\/p>\n\n\n\n<figure class=\"wp-block-image size-large\"><img fetchpriority=\"high\" decoding=\"async\" width=\"1024\" height=\"506\" src=\"https:\/\/elinformante.mx\/wp-content\/uploads\/2025\/09\/4mara-5-1024x506.jpg\" alt=\"\" class=\"wp-image-92663\" srcset=\"https:\/\/elinformante.mx\/wp-content\/uploads\/2025\/09\/4mara-5-1024x506.jpg 1024w, https:\/\/elinformante.mx\/wp-content\/uploads\/2025\/09\/4mara-5-300x148.jpg 300w, https:\/\/elinformante.mx\/wp-content\/uploads\/2025\/09\/4mara-5-768x379.jpg 768w, https:\/\/elinformante.mx\/wp-content\/uploads\/2025\/09\/4mara-5.jpg 1140w\" sizes=\"(max-width: 1024px) 100vw, 1024px\" \/><\/figure>\n\n\n\n<p>La titular del Poder Ejecutivo, acompa\u00f1ada por los presidentes de los poderes Judicial y Legislativo, magistrado Heyden Cebada Rivas y diputado Ren\u00e1n S\u00e1nchez Tajonar, recibi\u00f3 de Contreras M\u00e9ndez el documento del Primer Informe, el cual tambi\u00e9n fue entregado a las y los regidores del Cabildo.<br><\/p>\n\n\n\n<p>El presidente municipal subray\u00f3 el apoyo y respaldo de la gobernadora Mara Lezama para impulsar el crecimiento del municipio, que se consolida como un referente tur\u00edstico en el sur de Quintana Roo. Asimismo, reconoci\u00f3 a la presidenta honoraria del DIF Quintana Roo, Ver\u00f3nica Lezama Espinosa, por las acciones que brindan bienestar a las familias en situaci\u00f3n de vulnerabilidad.<\/p>\n","protected":false},"excerpt":{"rendered":"<p>Afirm\u00f3 que el segundo piso de la Cuarta Transformaci\u00f3n avanza en Quintana Roo. La gobernadora Mara Lezama Espinosa destac\u00f3 que Bacalar, baluarte de Quintana Roo, con su fuerte amurallado \u2014testigo de la defensa del palo de tinte y de la Guerra de Castas, y vigilante de la majestuosa Laguna de los Siete Colores\u2014 avanza con [&hellip;]<\/p>\n","protected":false},"author":1,"featured_media":92662,"comment_status":"closed","ping_status":"closed","sticky":false,"template":"","format":"standard","meta":{"footnotes":""},"categories":[30,34],"tags":[],"class_list":["post-92660","post","type-post","status-publish","format-standard","has-post-thumbnail","hentry","category-destacado","category-nacional"],"_links":{"self":[{"href":"https:\/\/elinformante.mx\/index.php?rest_route=\/wp\/v2\/posts\/92660","targetHints":{"allow":["GET"]}}],"collection":[{"href":"https:\/\/elinformante.mx\/index.php?rest_route=\/wp\/v2\/posts"}],"about":[{"href":"https:\/\/elinformante.mx\/index.php?rest_route=\/wp\/v2\/types\/post"}],"author":[{"embeddable":true,"href":"https:\/\/elinformante.mx\/index.php?rest_route=\/wp\/v2\/users\/1"}],"replies":[{"embeddable":true,"href":"https:\/\/elinformante.mx\/index.php?rest_route=%2Fwp%2Fv2%2Fcomments&post=92660"}],"version-history":[{"count":0,"href":"https:\/\/elinformante.mx\/index.php?rest_route=\/wp\/v2\/posts\/92660\/revisions"}],"wp:featuredmedia":[{"embeddable":true,"href":"https:\/\/elinformante.mx\/index.php?rest_route=\/wp\/v2\/media\/92662"}],"wp:attachment":[{"href":"https:\/\/elinformante.mx\/index.php?rest_route=%2Fwp%2Fv2%2Fmedia&parent=92660"}],"wp:term":[{"taxonomy":"category","embeddable":true,"href":"https:\/\/elinformante.mx\/index.php?rest_route=%2Fwp%2Fv2%2Fcategories&post=92660"},{"taxonomy":"post_tag","embeddable":true,"href":"https:\/\/elinformante.mx\/index.php?rest_route=%2Fwp%2Fv2%2Ftags&post=92660"}],"curies":[{"name":"wp","href":"https:\/\/api.w.org\/{rel}","templated":true}]}}