{"id":92664,"date":"2025-09-12T07:34:35","date_gmt":"2025-09-12T13:34:35","guid":{"rendered":"https:\/\/elinformante.mx\/?p=92664"},"modified":"2025-09-12T07:34:48","modified_gmt":"2025-09-12T13:34:48","slug":"defender-a-las-mujeres-en-mexico-es-un-trabajo-de-24-7-citlalli-hernandez","status":"publish","type":"post","link":"https:\/\/elinformante.mx\/?p=92664","title":{"rendered":"Defender a las mujeres en M\u00e9xico es un trabajo de 24\/7: Citlalli Hern\u00e1ndez"},"content":{"rendered":"\n<figure class=\"wp-block-pullquote\"><blockquote><p>Inform\u00f3 que de las 600 \u201cAsambleas de Mujeres: Voces por la Igualdad y contra las Violencias\u201d, se lleva un avance del 50% de la meta comprometida.<\/p><\/blockquote><\/figure>\n\n\n\n<p class=\"has-drop-cap\">La secretaria de las Mujeres, Citlalli Hern\u00e1ndez Mora, se\u00f1al\u00f3 que el trabajo para erradicar la violencia en M\u00e9xico se realiza los 365 d\u00edas del a\u00f1o, las 24 horas del d\u00eda, esto al reportar sobre las actividades que ha llevado esta dependencia desde su creaci\u00f3n, las cuales son bien recibidas por la poblaci\u00f3n objetivo.<br><\/p>\n\n\n\n<p>Inform\u00f3 que de las 600 \u201cAsambleas de Mujeres: Voces por la Igualdad y contra las Violencias\u201d, hasta el momento se lleva un avance del 50% de la meta comprometida por la Presidenta Claudia Sheinbaum Pardo, en donde Hern\u00e1ndez Mora, aborda temas sensibles a fin de que las v\u00edctimas de agresiones puedan romper con este c\u00edrculo, al mostrarles que no es normal encontrarse en entornos nada favorables.<br><\/p>\n\n\n\n<p>Hern\u00e1ndez Mora ha hecho recorridos en diversos Centros LIBRE dedicados a mujeres para verificar su funcionamiento, la atenci\u00f3n que reciben las usuarias. Son 678 Centros que se encuentran distribuidos en todo el pa\u00eds y en particular en los lugares donde se registra el mayor n\u00famero de agresiones a la poblaci\u00f3n femenina.<br><\/p>\n\n\n\n<p>Estas giras de trabajo tienen como prop\u00f3sito escuchar de primera mano las propuestas que las mujeres tienen para combatir las violencias, las cuales, llegar\u00e1n a la Presidenta Claudia Sheinbaum Pardo.<br><\/p>\n\n\n\n<p>La Secretaria de las Mujeres, Citlalli Hern\u00e1ndez Mora resalt\u00f3 que la Cartilla de Derechos de las Mujeres es un instrumento valioso con el que cuenta cada mujer para conocer sus garant\u00edas.<\/p>\n","protected":false},"excerpt":{"rendered":"<p>Inform\u00f3 que de las 600 \u201cAsambleas de Mujeres: Voces por la Igualdad y contra las Violencias\u201d, se lleva un avance del 50% de la meta comprometida. La secretaria de las Mujeres, Citlalli Hern\u00e1ndez Mora, se\u00f1al\u00f3 que el trabajo para erradicar la violencia en M\u00e9xico se realiza los 365 d\u00edas del a\u00f1o, las 24 horas del [&hellip;]<\/p>\n","protected":false},"author":1,"featured_media":92665,"comment_status":"closed","ping_status":"closed","sticky":false,"template":"","format":"standard","meta":{"footnotes":""},"categories":[34],"tags":[],"class_list":["post-92664","post","type-post","status-publish","format-standard","has-post-thumbnail","hentry","category-nacional"],"_links":{"self":[{"href":"https:\/\/elinformante.mx\/index.php?rest_route=\/wp\/v2\/posts\/92664","targetHints":{"allow":["GET"]}}],"collection":[{"href":"https:\/\/elinformante.mx\/index.php?rest_route=\/wp\/v2\/posts"}],"about":[{"href":"https:\/\/elinformante.mx\/index.php?rest_route=\/wp\/v2\/types\/post"}],"author":[{"embeddable":true,"href":"https:\/\/elinformante.mx\/index.php?rest_route=\/wp\/v2\/users\/1"}],"replies":[{"embeddable":true,"href":"https:\/\/elinformante.mx\/index.php?rest_route=%2Fwp%2Fv2%2Fcomments&post=92664"}],"version-history":[{"count":0,"href":"https:\/\/elinformante.mx\/index.php?rest_route=\/wp\/v2\/posts\/92664\/revisions"}],"wp:featuredmedia":[{"embeddable":true,"href":"https:\/\/elinformante.mx\/index.php?rest_route=\/wp\/v2\/media\/92665"}],"wp:attachment":[{"href":"https:\/\/elinformante.mx\/index.php?rest_route=%2Fwp%2Fv2%2Fmedia&parent=92664"}],"wp:term":[{"taxonomy":"category","embeddable":true,"href":"https:\/\/elinformante.mx\/index.php?rest_route=%2Fwp%2Fv2%2Fcategories&post=92664"},{"taxonomy":"post_tag","embeddable":true,"href":"https:\/\/elinformante.mx\/index.php?rest_route=%2Fwp%2Fv2%2Ftags&post=92664"}],"curies":[{"name":"wp","href":"https:\/\/api.w.org\/{rel}","templated":true}]}}