{"id":92673,"date":"2025-09-12T07:45:58","date_gmt":"2025-09-12T13:45:58","guid":{"rendered":"https:\/\/elinformante.mx\/?p=92673"},"modified":"2025-09-12T07:46:04","modified_gmt":"2025-09-12T13:46:04","slug":"se-reunen-sheinbaum-e-ilan-goldfajn-jefe-del-bid-analizan-plan-mexico","status":"publish","type":"post","link":"https:\/\/elinformante.mx\/?p=92673","title":{"rendered":"SE RE\u00daNEN SHEINBAUM E ILAN GOLDFAJN, JEFE DEL BID; ANALIZAN PLAN M\u00c9XICO"},"content":{"rendered":"\n<figure class=\"wp-block-pullquote\"><blockquote><p>-Ilan Goldfajn dijo que el banco est\u00e1 listo para movilizar 25.000 millones de d\u00f3lares en seis a\u00f1os e impulsar inversi\u00f3n, productividad y empleo.<\/p><\/blockquote><\/figure>\n\n\n\n<p class=\"has-drop-cap\">La presidenta Claudia Sheinbaum se reuni\u00f3 con Ilan Goldfajn, presidente del Banco Interamericano de Desarrollo (BID), para conversar sobre una estrategia conjunta del Gobierno de M\u00e9xico y el sector privado para atraer inversiones y estimular el crecimiento nacional hasta 2030, y estudiar posibles inversiones del organismo multilateral en el pa\u00eds.<br><\/p>\n\n\n\n<p>\u201cEn Palacio Nacional recibimos a Ilan Goldfajn, presidente del Banco Interamericano de Desarrollo, y a su equipo; hablamos del Plan M\u00e9xico y el panorama positivo para nuestro pa\u00eds\u201d, se\u00f1al\u00f3 la mandataria mexicana, quien estuvo acompa\u00f1ada por el secretario de Hacienda de M\u00e9xico, Edgar Amador Zamora.<br><\/p>\n\n\n\n<p>Por su parte, el presidente del BID destac\u00f3 en un mensaje en redes sociales que tambi\u00e9n se reuni\u00f3 con \u201cl\u00edderes del sector privado de M\u00e9xico para dialogar sobre c\u00f3mo, juntos, podemos impulsar inversi\u00f3n, productividad y empleo de calidad en el marco del Plan M\u00e9xico\u201d.<br><\/p>\n\n\n\n<figure class=\"wp-block-image size-large\"><img fetchpriority=\"high\" decoding=\"async\" width=\"1024\" height=\"506\" src=\"https:\/\/elinformante.mx\/wp-content\/uploads\/2025\/09\/9claudia-2-2-1024x506.jpg\" alt=\"\" class=\"wp-image-92675\" srcset=\"https:\/\/elinformante.mx\/wp-content\/uploads\/2025\/09\/9claudia-2-2-1024x506.jpg 1024w, https:\/\/elinformante.mx\/wp-content\/uploads\/2025\/09\/9claudia-2-2-300x148.jpg 300w, https:\/\/elinformante.mx\/wp-content\/uploads\/2025\/09\/9claudia-2-2-768x379.jpg 768w, https:\/\/elinformante.mx\/wp-content\/uploads\/2025\/09\/9claudia-2-2.jpg 1140w\" sizes=\"(max-width: 1024px) 100vw, 1024px\" \/><\/figure>\n\n\n\n<p>En concreto, Goldfajn subray\u00f3 que el organismo\u201dest\u00e1 listo para movilizar 25.000 millones de d\u00f3lares en seis a\u00f1os, de los cuales el brazo para el sector privado del banco multilateral podr\u00eda aportar alrededor de 7.000 millones de d\u00f3lares para complementar el financiamiento p\u00fablico en sectores clave como infraestructura, energ\u00eda, manufactura y la econom\u00eda del cuidado.<br><\/p>\n\n\n\n<p>Se trata de la segunda reuni\u00f3n de Sheinbaum con el presidente del BID en menos de un a\u00f1o, y muestra el acercamiento de M\u00e9xico con el organismo multilateral tras la distancia marcada por durante el sexenio de Andr\u00e9s Manuel L\u00f3pez Obrador (2018-2024), muy cr\u00edtico con los bancos de desarrollo internacionales.<br><\/p>\n\n\n\n<p>En diciembre de 2024, Goldfajn visit\u00f3 por primera vez M\u00e9xico y afirm\u00f3 entonces la disposici\u00f3n del organismo para respaldar a M\u00e9xico en el proceso de relocalizaci\u00f3n de empresas conocido como \u2018nearshoring\u2019.<\/p>\n\n\n\n<figure class=\"wp-block-image size-large\"><img decoding=\"async\" width=\"1024\" height=\"506\" src=\"https:\/\/elinformante.mx\/wp-content\/uploads\/2025\/09\/9claudia-3-3-1024x506.jpg\" alt=\"\" class=\"wp-image-92676\" srcset=\"https:\/\/elinformante.mx\/wp-content\/uploads\/2025\/09\/9claudia-3-3-1024x506.jpg 1024w, https:\/\/elinformante.mx\/wp-content\/uploads\/2025\/09\/9claudia-3-3-300x148.jpg 300w, https:\/\/elinformante.mx\/wp-content\/uploads\/2025\/09\/9claudia-3-3-768x379.jpg 768w, https:\/\/elinformante.mx\/wp-content\/uploads\/2025\/09\/9claudia-3-3.jpg 1140w\" sizes=\"(max-width: 1024px) 100vw, 1024px\" \/><\/figure>\n","protected":false},"excerpt":{"rendered":"<p>-Ilan Goldfajn dijo que el banco est\u00e1 listo para movilizar 25.000 millones de d\u00f3lares en seis a\u00f1os e impulsar inversi\u00f3n, productividad y empleo. La presidenta Claudia Sheinbaum se reuni\u00f3 con Ilan Goldfajn, presidente del Banco Interamericano de Desarrollo (BID), para conversar sobre una estrategia conjunta del Gobierno de M\u00e9xico y el sector privado para atraer [&hellip;]<\/p>\n","protected":false},"author":1,"featured_media":92674,"comment_status":"closed","ping_status":"closed","sticky":false,"template":"","format":"standard","meta":{"footnotes":""},"categories":[30,34,31],"tags":[47],"class_list":["post-92673","post","type-post","status-publish","format-standard","has-post-thumbnail","hentry","category-destacado","category-nacional","category-portada","tag-portadanacional"],"_links":{"self":[{"href":"https:\/\/elinformante.mx\/index.php?rest_route=\/wp\/v2\/posts\/92673","targetHints":{"allow":["GET"]}}],"collection":[{"href":"https:\/\/elinformante.mx\/index.php?rest_route=\/wp\/v2\/posts"}],"about":[{"href":"https:\/\/elinformante.mx\/index.php?rest_route=\/wp\/v2\/types\/post"}],"author":[{"embeddable":true,"href":"https:\/\/elinformante.mx\/index.php?rest_route=\/wp\/v2\/users\/1"}],"replies":[{"embeddable":true,"href":"https:\/\/elinformante.mx\/index.php?rest_route=%2Fwp%2Fv2%2Fcomments&post=92673"}],"version-history":[{"count":0,"href":"https:\/\/elinformante.mx\/index.php?rest_route=\/wp\/v2\/posts\/92673\/revisions"}],"wp:featuredmedia":[{"embeddable":true,"href":"https:\/\/elinformante.mx\/index.php?rest_route=\/wp\/v2\/media\/92674"}],"wp:attachment":[{"href":"https:\/\/elinformante.mx\/index.php?rest_route=%2Fwp%2Fv2%2Fmedia&parent=92673"}],"wp:term":[{"taxonomy":"category","embeddable":true,"href":"https:\/\/elinformante.mx\/index.php?rest_route=%2Fwp%2Fv2%2Fcategories&post=92673"},{"taxonomy":"post_tag","embeddable":true,"href":"https:\/\/elinformante.mx\/index.php?rest_route=%2Fwp%2Fv2%2Ftags&post=92673"}],"curies":[{"name":"wp","href":"https:\/\/api.w.org\/{rel}","templated":true}]}}