{"id":93272,"date":"2025-09-25T07:25:59","date_gmt":"2025-09-25T13:25:59","guid":{"rendered":"https:\/\/elinformante.mx\/?p=93272"},"modified":"2025-09-25T07:26:02","modified_gmt":"2025-09-25T13:26:02","slug":"senado-autoriza-salida-de-militares-mexicanos-a-eua-para-adiestramiento-militar","status":"publish","type":"post","link":"https:\/\/elinformante.mx\/?p=93272","title":{"rendered":"Senado autoriza salida de militares mexicanos a EUA para adiestramiento militar"},"content":{"rendered":"\n<figure class=\"wp-block-pullquote\"><blockquote><p>-El objetivo es mejorar las capacidades operativas y fortalecer la cooperaci\u00f3n militar bilateral<\/p><\/blockquote><\/figure>\n\n\n\n<p class=\"has-drop-cap\">La C\u00e1mara de Senadores aprob\u00f3 con 101 votos, un dictamen para autorizar a la presidenta de los Estados Unidos Mexicanos, Claudia Sheinbaum Pardo, la salida del pa\u00eds a 60 efectivos de la Unidad de Operaciones Especiales de la Armada de M\u00e9xico, para participar en el \u201cEvento SOF No. 9 Aumentar la Capacidad Operacional de la Unidad de Operaciones Especiales\u201d, a realizarse en Camp Shelby, Mississippi, Estados Unidos de Am\u00e9rica.<br><\/p>\n\n\n\n<p>Se tiene previsto que el adiestramiento se lleve a cabo del 1 de octubre al 15 de noviembre de 2025, con el objetivo de mejorar las capacidades operativas de dicha unidad naval especial y fortalecer la cooperaci\u00f3n militar bilateral con las fuerzas especiales del vecino pa\u00eds del norte.<br><\/p>\n\n\n\n<p>El documento remitido al Ejecutivo Federal precisa que viajar\u00e1n con equipo t\u00e1ctico, con armamento y sin municiones; y su traslado ser\u00eda a bordo del avi\u00f3n militar de la Fuerza A\u00e9rea Estadounidense C-130 \u00abH\u00e9rcules\u00bb.<br><\/p>\n\n\n\n<p>La Secretar\u00eda de Marina, una vez que regrese el personal autorizado, dentro de los siguientes treinta d\u00edas h\u00e1biles, presentar\u00e1 a la C\u00e1mara de Senadores un informe sobre los resultados relativos a la participaci\u00f3n de la Armada de M\u00e9xico en este evento.<br><\/p>\n\n\n\n<p>El presidente de la Comisi\u00f3n de Marina, Carlos Lomel\u00ed Bola\u00f1os, dijo que se trata de un dictamen estrat\u00e9gico para la soberan\u00eda, la seguridad y el fortalecimiento de las relaciones internacionales, ya que al participar en estos encuentros se ayuda a la Marina Armada de M\u00e9xico a aumentar sus capacidades t\u00e1cticas.<\/p>\n","protected":false},"excerpt":{"rendered":"<p>-El objetivo es mejorar las capacidades operativas y fortalecer la cooperaci\u00f3n militar bilateral La C\u00e1mara de Senadores aprob\u00f3 con 101 votos, un dictamen para autorizar a la presidenta de los Estados Unidos Mexicanos, Claudia Sheinbaum Pardo, la salida del pa\u00eds a 60 efectivos de la Unidad de Operaciones Especiales de la Armada de M\u00e9xico, para [&hellip;]<\/p>\n","protected":false},"author":1,"featured_media":93273,"comment_status":"closed","ping_status":"closed","sticky":false,"template":"","format":"standard","meta":{"footnotes":""},"categories":[30,34],"tags":[],"class_list":["post-93272","post","type-post","status-publish","format-standard","has-post-thumbnail","hentry","category-destacado","category-nacional"],"_links":{"self":[{"href":"https:\/\/elinformante.mx\/index.php?rest_route=\/wp\/v2\/posts\/93272","targetHints":{"allow":["GET"]}}],"collection":[{"href":"https:\/\/elinformante.mx\/index.php?rest_route=\/wp\/v2\/posts"}],"about":[{"href":"https:\/\/elinformante.mx\/index.php?rest_route=\/wp\/v2\/types\/post"}],"author":[{"embeddable":true,"href":"https:\/\/elinformante.mx\/index.php?rest_route=\/wp\/v2\/users\/1"}],"replies":[{"embeddable":true,"href":"https:\/\/elinformante.mx\/index.php?rest_route=%2Fwp%2Fv2%2Fcomments&post=93272"}],"version-history":[{"count":0,"href":"https:\/\/elinformante.mx\/index.php?rest_route=\/wp\/v2\/posts\/93272\/revisions"}],"wp:featuredmedia":[{"embeddable":true,"href":"https:\/\/elinformante.mx\/index.php?rest_route=\/wp\/v2\/media\/93273"}],"wp:attachment":[{"href":"https:\/\/elinformante.mx\/index.php?rest_route=%2Fwp%2Fv2%2Fmedia&parent=93272"}],"wp:term":[{"taxonomy":"category","embeddable":true,"href":"https:\/\/elinformante.mx\/index.php?rest_route=%2Fwp%2Fv2%2Fcategories&post=93272"},{"taxonomy":"post_tag","embeddable":true,"href":"https:\/\/elinformante.mx\/index.php?rest_route=%2Fwp%2Fv2%2Ftags&post=93272"}],"curies":[{"name":"wp","href":"https:\/\/api.w.org\/{rel}","templated":true}]}}