{"id":93761,"date":"2025-10-06T05:56:21","date_gmt":"2025-10-06T11:56:21","guid":{"rendered":"https:\/\/elinformante.mx\/?p=93761"},"modified":"2025-10-06T05:56:25","modified_gmt":"2025-10-06T11:56:25","slug":"captan-a-veronica-castro-con-oxigeno-en-el-aeropuerto","status":"publish","type":"post","link":"https:\/\/elinformante.mx\/?p=93761","title":{"rendered":"Captan a Ver\u00f3nica Castro con ox\u00edgeno en el aeropuerto"},"content":{"rendered":"\n<figure class=\"wp-block-pullquote\"><blockquote><p>La \u201cchaparrita\u201d se molest\u00f3 tras ser cuestionada sobre Yolanda Andrade.<\/p><\/blockquote><\/figure>\n\n\n\n<p class=\"has-drop-cap\">La actriz, conductora y cantante mexicana, Ver\u00f3nica Castro fue captada en su arribo al aeropuerto de la CDMX, y estaba siendo asistida con una silla de ruedas y una c\u00e1nula nasal, un tubo flexible que transporta ox\u00edgeno por medio de los orificios de la nariz.<br><\/p>\n\n\n\n<p>Algunos medios la cuestionaron acerca de si se encontraba con alg\u00fan problema de salud, a lo que la actriz contest\u00f3 que no, en cambio, explic\u00f3 que solo era asistida con un poco de ox\u00edgeno para que pudiera trasladarse con m\u00e1s agilidad.<br><\/p>\n\n\n\n<p>\u201cNo (estoy enferma), necesito caminar m\u00e1s r\u00e1pido, necesito ox\u00edgeno\u201d, expres\u00f3.<br><\/p>\n\n\n\n<p>Todo estaba fluyendo de manera relajada, ya que no se mostr\u00f3 inc\u00f3moda ante esta serie de preguntas, ni tampoco cuando fue interrogada sobre las acusaciones de abuso sexual a menores, al que estuvo vinculada, hace unos a\u00f1os; sin embargo la situaci\u00f3n cambio cuando sali\u00f3 el nombre de Yolanda Andrade.<br><\/p>\n\n\n\n<p>Castro se ha mostrado reacia a contestar preguntas relacionadas a la salud de Yolanda Andrade, luego de que la conductora sugiriera que el deterioro de su estado, podr\u00eda deberse a un \u201ctrabajo de brujer\u00eda\u201d.<br><\/p>\n\n\n\n<p>\u201cVero\u201d muestra hartazgo de que se le siga vinculado con ese tema, por esa raz\u00f3n su semblante cambi\u00f3 por completo cuando escuch\u00f3 el nombre de Yolanda Andrade.<br><\/p>\n\n\n\n<p>No dej\u00f3 que la reportera terminara de formular su pregunta, y al escuchar el nombre de \u201cJoe\u201d y la frase \u201ctrabajo de brujer\u00eda\u201d, Castro no permiti\u00f3 que se hablara m\u00e1s del tema, afirmando que, as\u00ed como hay personas que les da gusto saber de ella, hay quienes tratan de vincularla con situaciones negativas.<br><\/p>\n\n\n\n<p>\u201c\u00bfVes?, gente como ella, que siempre est\u00e1 necia en lo mismo, siempre con lo mismo, en las necedades de cosas feas, de cosas antiguas, es que es una persona negativa, vele la cara\u201d, indic\u00f3.<br><\/p>\n\n\n\n<p>\u201cLa Vero\u201d neg\u00f3 que ese tipo de rumores, que han sugerido que ella tuvo que ver con el deterioro de salud de Andrade, la afecten.<br><\/p>\n\n\n\n<p>\u201c\u00bfQu\u00e9 me va a doler?, claro que no, n\u00b4mbre, \u00bfqu\u00e9 estoy loca?\u201d, dijo entre risas.<br><\/p>\n\n\n\n<p>Cuando la reportera con la que se disgust\u00f3 argument\u00f3 que, tal vez si aclaraba las especulaciones, dejar\u00eda de ser interrogada de ese tema, la actriz, con tono firme, le dijo que no ten\u00eda por qu\u00e9 darle ninguna explicaci\u00f3n, por lo que la exhort\u00f3 a buscar a Yolanda y preguntarle a ella.<br><\/p>\n\n\n\n<p>\u201c\u00bfYo a ti?, \u00bfaclararte qu\u00e9?, yo no tengo nada que aclararte a ti, \u00bfa ti?, nada, ve y preg\u00fantaselo a ella\u201d.<\/p>\n","protected":false},"excerpt":{"rendered":"<p>La \u201cchaparrita\u201d se molest\u00f3 tras ser cuestionada sobre Yolanda Andrade. La actriz, conductora y cantante mexicana, Ver\u00f3nica Castro fue captada en su arribo al aeropuerto de la CDMX, y estaba siendo asistida con una silla de ruedas y una c\u00e1nula nasal, un tubo flexible que transporta ox\u00edgeno por medio de los orificios de la nariz. [&hellip;]<\/p>\n","protected":false},"author":1,"featured_media":93764,"comment_status":"closed","ping_status":"closed","sticky":false,"template":"","format":"standard","meta":{"footnotes":""},"categories":[39],"tags":[],"class_list":["post-93761","post","type-post","status-publish","format-standard","has-post-thumbnail","hentry","category-espectaculos"],"_links":{"self":[{"href":"https:\/\/elinformante.mx\/index.php?rest_route=\/wp\/v2\/posts\/93761","targetHints":{"allow":["GET"]}}],"collection":[{"href":"https:\/\/elinformante.mx\/index.php?rest_route=\/wp\/v2\/posts"}],"about":[{"href":"https:\/\/elinformante.mx\/index.php?rest_route=\/wp\/v2\/types\/post"}],"author":[{"embeddable":true,"href":"https:\/\/elinformante.mx\/index.php?rest_route=\/wp\/v2\/users\/1"}],"replies":[{"embeddable":true,"href":"https:\/\/elinformante.mx\/index.php?rest_route=%2Fwp%2Fv2%2Fcomments&post=93761"}],"version-history":[{"count":0,"href":"https:\/\/elinformante.mx\/index.php?rest_route=\/wp\/v2\/posts\/93761\/revisions"}],"wp:featuredmedia":[{"embeddable":true,"href":"https:\/\/elinformante.mx\/index.php?rest_route=\/wp\/v2\/media\/93764"}],"wp:attachment":[{"href":"https:\/\/elinformante.mx\/index.php?rest_route=%2Fwp%2Fv2%2Fmedia&parent=93761"}],"wp:term":[{"taxonomy":"category","embeddable":true,"href":"https:\/\/elinformante.mx\/index.php?rest_route=%2Fwp%2Fv2%2Fcategories&post=93761"},{"taxonomy":"post_tag","embeddable":true,"href":"https:\/\/elinformante.mx\/index.php?rest_route=%2Fwp%2Fv2%2Ftags&post=93761"}],"curies":[{"name":"wp","href":"https:\/\/api.w.org\/{rel}","templated":true}]}}