{"id":93773,"date":"2025-10-06T06:06:00","date_gmt":"2025-10-06T12:06:00","guid":{"rendered":"https:\/\/elinformante.mx\/?p=93773"},"modified":"2025-10-06T06:06:06","modified_gmt":"2025-10-06T12:06:06","slug":"suteym-celebra-asamblea-estatal-ordinaria","status":"publish","type":"post","link":"https:\/\/elinformante.mx\/?p=93773","title":{"rendered":"SUTEYM celebra Asamblea Estatal Ordinaria"},"content":{"rendered":"\n<figure class=\"wp-block-pullquote\"><blockquote><p>-Herminio Cahue Calder\u00f3n, secretario general de la organizaci\u00f3n, present\u00f3 Informe de Actividades: aprobado por unanimidad<\/p><\/blockquote><\/figure>\n\n\n\n<p class=\"has-drop-cap\">Herminio Cahue Calder\u00f3n, secretario general del Sindicato \u00danico de Trabajadores de los Poderes, Municipios e Instituciones Descentralizadas del Estado de M\u00e9xico (Suteym), present\u00f3 en asamblea general estatal su Segundo Informe de Labores; encuentro en el que manifest\u00f3 todas las acciones, gestiones, proyectos, avances y estado financiero de la organizaci\u00f3n.<br><\/p>\n\n\n\n<p>En cumplimiento con los estatutos del sindicato, delegadas y delegados electores, as\u00ed como estructura gremial de toda la entidad, acudieron al llamado de su organizaci\u00f3n. En primera instancia, en ejercicio de sus derechos y obligaciones; en segunda, dando continuidad a las pr\u00e1cticas de transparencia y rendici\u00f3n de cuentas del sindicato que han sido eje rector, acervo suteymista firme y apegado a la democracia.<br><\/p>\n\n\n\n<p>En este informe, Cahue Calder\u00f3n sostuvo que la unidad es la mayor fortaleza del Suteym. Refiri\u00f3 que durante su administraci\u00f3n se ha privilegiado el di\u00e1logo, la negociaci\u00f3n con argumentos y la b\u00fasqueda del bien colectivo.<br><\/p>\n\n\n\n<figure class=\"wp-block-image size-large\"><img fetchpriority=\"high\" decoding=\"async\" width=\"1024\" height=\"506\" src=\"https:\/\/elinformante.mx\/wp-content\/uploads\/2025\/10\/13SUTEYM-2-1024x506.jpg\" alt=\"\" class=\"wp-image-93775\" srcset=\"https:\/\/elinformante.mx\/wp-content\/uploads\/2025\/10\/13SUTEYM-2-1024x506.jpg 1024w, https:\/\/elinformante.mx\/wp-content\/uploads\/2025\/10\/13SUTEYM-2-300x148.jpg 300w, https:\/\/elinformante.mx\/wp-content\/uploads\/2025\/10\/13SUTEYM-2-768x379.jpg 768w, https:\/\/elinformante.mx\/wp-content\/uploads\/2025\/10\/13SUTEYM-2.jpg 1140w\" sizes=\"(max-width: 1024px) 100vw, 1024px\" \/><\/figure>\n\n\n\n<p>Enfatiz\u00f3 que el gobierno y el sindicato son parte de un equipo de trabajo con una misi\u00f3n fundamental: servir a las y los mexiquenses. En este sentido, refiri\u00f3 que la relaci\u00f3n interinstitucional con las administraciones estatal, municipal y de organismos descentralizados ha sido respetuosa y productiva.<br><\/p>\n\n\n\n<p>En lo concerniente a la sinergia con la administraci\u00f3n estatal, el dirigente estatal expres\u00f3 su gratitud y reconocimiento a la maestra Delfina G\u00f3mez \u00c1lvarez, gobernadora constitucional del Estado de M\u00e9xico, por su cercan\u00eda y entendimiento de las necesidades y aspiraciones de la familia suteymista.<br><\/p>\n\n\n\n<p>\u201cDesde el primer d\u00eda que asum\u00ed la dirigencia, he tenido claro que una de las principales responsabilidades es velar, sin titubeos, por las conquistas laborales que, durante 87 a\u00f1os, hemos construido. Defenderemos cada logro con argumentos, con unidad y con la convicci\u00f3n de que la justicia est\u00e1 de nuestro lado, tenemos claro que nuestro legado se defiende y se fortalece\u201d, asever\u00f3 el Secretario General del Suteym.<br><\/p>\n\n\n\n<p>En el marco de esta asamblea, Antonio Duarte Franco, presidente de la Comisi\u00f3n de Vigilancia e Investigaci\u00f3n, present\u00f3 su primer Informe de Actividades; en el cual, detall\u00f3 que las elecciones sindicales se han realizado en el marco legal y de acuerdo a los estatutos. Las y los asamble\u00edstas aprobaron ambos informes de manera un\u00e1nime.<\/p>\n","protected":false},"excerpt":{"rendered":"<p>-Herminio Cahue Calder\u00f3n, secretario general de la organizaci\u00f3n, present\u00f3 Informe de Actividades: aprobado por unanimidad Herminio Cahue Calder\u00f3n, secretario general del Sindicato \u00danico de Trabajadores de los Poderes, Municipios e Instituciones Descentralizadas del Estado de M\u00e9xico (Suteym), present\u00f3 en asamblea general estatal su Segundo Informe de Labores; encuentro en el que manifest\u00f3 todas las acciones, [&hellip;]<\/p>\n","protected":false},"author":1,"featured_media":93774,"comment_status":"closed","ping_status":"closed","sticky":false,"template":"","format":"standard","meta":{"footnotes":""},"categories":[36],"tags":[],"class_list":["post-93773","post","type-post","status-publish","format-standard","has-post-thumbnail","hentry","category-edomex"],"_links":{"self":[{"href":"https:\/\/elinformante.mx\/index.php?rest_route=\/wp\/v2\/posts\/93773","targetHints":{"allow":["GET"]}}],"collection":[{"href":"https:\/\/elinformante.mx\/index.php?rest_route=\/wp\/v2\/posts"}],"about":[{"href":"https:\/\/elinformante.mx\/index.php?rest_route=\/wp\/v2\/types\/post"}],"author":[{"embeddable":true,"href":"https:\/\/elinformante.mx\/index.php?rest_route=\/wp\/v2\/users\/1"}],"replies":[{"embeddable":true,"href":"https:\/\/elinformante.mx\/index.php?rest_route=%2Fwp%2Fv2%2Fcomments&post=93773"}],"version-history":[{"count":0,"href":"https:\/\/elinformante.mx\/index.php?rest_route=\/wp\/v2\/posts\/93773\/revisions"}],"wp:featuredmedia":[{"embeddable":true,"href":"https:\/\/elinformante.mx\/index.php?rest_route=\/wp\/v2\/media\/93774"}],"wp:attachment":[{"href":"https:\/\/elinformante.mx\/index.php?rest_route=%2Fwp%2Fv2%2Fmedia&parent=93773"}],"wp:term":[{"taxonomy":"category","embeddable":true,"href":"https:\/\/elinformante.mx\/index.php?rest_route=%2Fwp%2Fv2%2Fcategories&post=93773"},{"taxonomy":"post_tag","embeddable":true,"href":"https:\/\/elinformante.mx\/index.php?rest_route=%2Fwp%2Fv2%2Ftags&post=93773"}],"curies":[{"name":"wp","href":"https:\/\/api.w.org\/{rel}","templated":true}]}}