{"id":93776,"date":"2025-10-06T06:08:50","date_gmt":"2025-10-06T12:08:50","guid":{"rendered":"https:\/\/elinformante.mx\/?p=93776"},"modified":"2025-10-06T06:08:56","modified_gmt":"2025-10-06T12:08:56","slug":"firman-alianza-isaac-montoya-y-la-unam-buscan-llevar-la-universidad-a-las-calles","status":"publish","type":"post","link":"https:\/\/elinformante.mx\/?p=93776","title":{"rendered":"Firman alianza Isaac Montoya y la UNAM; buscan llevar la universidad a las calles"},"content":{"rendered":"\n<figure class=\"wp-block-pullquote\"><blockquote><p>Expres\u00f3 el anhelo de poder regresar a su alma m\u00e1ter; adem\u00e1s agradeci\u00f3 el reconocimiento.<\/p><\/blockquote><\/figure>\n\n\n\n<p class=\"has-drop-cap\">El presidente municipal de Naucalpan, Isaac Montoya M\u00e1rquez, reafirm\u00f3 la relaci\u00f3n de apoyo mutuo entre el gobierno de Naucalpan y la Universidad Nacional Aut\u00f3noma de M\u00e9xico (UNAM), y como egresado de la m\u00e1xima casa de estudios de M\u00e9xico, se\u00f1al\u00f3 que esta uni\u00f3n ser\u00e1 en beneficio del desarrollo municipal y de la comunidad universitaria.<br><\/p>\n\n\n\n<p>As\u00ed lo se\u00f1al\u00f3 durante una ceremonia en Ciudad Universitaria, donde Montoya M\u00e1rquez recibi\u00f3 un reconocimiento como exalumno distinguido por parte de la Facultad de Ciencias Pol\u00edticas y Sociales (FCPyS), y que fue entregado por su director, Alejandro Chanona, quien durante su discurs\u00f3, destac\u00f3 los valores \u00e9ticos, de igualdad, equidad y justicia que el mun\u00edcipe refleja en su gesti\u00f3n.<br><\/p>\n\n\n\n<p>Muy emocionado, Montoya M\u00e1rquez expres\u00f3 el anhelo de poder regresar a su alma m\u00e1ter; adem\u00e1s agradeci\u00f3 el reconocimiento.<br><\/p>\n\n\n\n<figure class=\"wp-block-image size-large\"><img fetchpriority=\"high\" decoding=\"async\" width=\"1024\" height=\"506\" src=\"https:\/\/elinformante.mx\/wp-content\/uploads\/2025\/10\/13naucalpan-1024x506.jpg\" alt=\"\" class=\"wp-image-93778\" srcset=\"https:\/\/elinformante.mx\/wp-content\/uploads\/2025\/10\/13naucalpan-1024x506.jpg 1024w, https:\/\/elinformante.mx\/wp-content\/uploads\/2025\/10\/13naucalpan-300x148.jpg 300w, https:\/\/elinformante.mx\/wp-content\/uploads\/2025\/10\/13naucalpan-768x379.jpg 768w, https:\/\/elinformante.mx\/wp-content\/uploads\/2025\/10\/13naucalpan.jpg 1140w\" sizes=\"(max-width: 1024px) 100vw, 1024px\" \/><\/figure>\n\n\n\n<p>Record\u00f3 que desde su etapa como estudiante comprendi\u00f3 la importancia de vincular la teor\u00eda con la pr\u00e1ctica: \u201cNo se trata solo de la discusi\u00f3n en las aulas, sino de llevar la universidad a las calles y aplicar el conocimiento en beneficio de la gente\u201d, afirm\u00f3.<br><\/p>\n\n\n\n<p>Montoya M\u00e1rquez reiter\u00f3 su compromiso para fortalecer la colaboraci\u00f3n con la UNAM, particularmente con los planteles ubicados en Naucalpan, como el CCH Naucalpan y la FES Acatl\u00e1n, que conforman la mayor comunidad universitaria fuera de Ciudad Universitaria.<br><\/p>\n\n\n\n<p>La FCPyS, fundada en 1951, forma profesionistas comprometidos con la sociedad. En 2026 celebrar\u00e1 su 75 aniversario, con actividades acad\u00e9micas, culturales y deportivas que buscar\u00e1n estrechar lazos entre generaciones de egresados.<\/p>\n","protected":false},"excerpt":{"rendered":"<p>Expres\u00f3 el anhelo de poder regresar a su alma m\u00e1ter; adem\u00e1s agradeci\u00f3 el reconocimiento. El presidente municipal de Naucalpan, Isaac Montoya M\u00e1rquez, reafirm\u00f3 la relaci\u00f3n de apoyo mutuo entre el gobierno de Naucalpan y la Universidad Nacional Aut\u00f3noma de M\u00e9xico (UNAM), y como egresado de la m\u00e1xima casa de estudios de M\u00e9xico, se\u00f1al\u00f3 que esta [&hellip;]<\/p>\n","protected":false},"author":1,"featured_media":93777,"comment_status":"closed","ping_status":"closed","sticky":false,"template":"","format":"standard","meta":{"footnotes":""},"categories":[30,36],"tags":[],"class_list":["post-93776","post","type-post","status-publish","format-standard","has-post-thumbnail","hentry","category-destacado","category-edomex"],"_links":{"self":[{"href":"https:\/\/elinformante.mx\/index.php?rest_route=\/wp\/v2\/posts\/93776","targetHints":{"allow":["GET"]}}],"collection":[{"href":"https:\/\/elinformante.mx\/index.php?rest_route=\/wp\/v2\/posts"}],"about":[{"href":"https:\/\/elinformante.mx\/index.php?rest_route=\/wp\/v2\/types\/post"}],"author":[{"embeddable":true,"href":"https:\/\/elinformante.mx\/index.php?rest_route=\/wp\/v2\/users\/1"}],"replies":[{"embeddable":true,"href":"https:\/\/elinformante.mx\/index.php?rest_route=%2Fwp%2Fv2%2Fcomments&post=93776"}],"version-history":[{"count":0,"href":"https:\/\/elinformante.mx\/index.php?rest_route=\/wp\/v2\/posts\/93776\/revisions"}],"wp:featuredmedia":[{"embeddable":true,"href":"https:\/\/elinformante.mx\/index.php?rest_route=\/wp\/v2\/media\/93777"}],"wp:attachment":[{"href":"https:\/\/elinformante.mx\/index.php?rest_route=%2Fwp%2Fv2%2Fmedia&parent=93776"}],"wp:term":[{"taxonomy":"category","embeddable":true,"href":"https:\/\/elinformante.mx\/index.php?rest_route=%2Fwp%2Fv2%2Fcategories&post=93776"},{"taxonomy":"post_tag","embeddable":true,"href":"https:\/\/elinformante.mx\/index.php?rest_route=%2Fwp%2Fv2%2Ftags&post=93776"}],"curies":[{"name":"wp","href":"https:\/\/api.w.org\/{rel}","templated":true}]}}