{"id":93786,"date":"2025-10-06T06:27:25","date_gmt":"2025-10-06T12:27:25","guid":{"rendered":"https:\/\/elinformante.mx\/?p=93786"},"modified":"2025-10-06T06:27:30","modified_gmt":"2025-10-06T12:27:30","slug":"entrega-fernando-flores-reencarpetado-de-la-avenida-estado-de-mexico-en-metepec","status":"publish","type":"post","link":"https:\/\/elinformante.mx\/?p=93786","title":{"rendered":"Entrega Fernando Flores reencarpetado de la avenida Estado de M\u00e9xico en Metepec"},"content":{"rendered":"\n<figure class=\"wp-block-pullquote\"><blockquote><p>-Anunci\u00f3 el programa \u2018Sin-Ba\u2019 , cuyo objetivo es eliminar los baches en Metepec antes de que termine el a\u00f1o<\/p><\/blockquote><\/figure>\n\n\n\n<p class=\"has-drop-cap\">En el municipio de Metepec, el presidente municipal, Fernando Flores Fern\u00e1ndez llev\u00f3 a cabo la inauguraci\u00f3n del reencarpetado de la avenida Estado de M\u00e9xico, que abarca una extensi\u00f3n de 3.7 kil\u00f3metros lineales y tuvo una inversi\u00f3n de 19.9 millones de pesos del municipio.<br><\/p>\n\n\n\n<p>Durante el evento Flores Fern\u00e1ndez anunci\u00f3 la operaci\u00f3n del programa \u2018Sin-Ba\u2019 (Sin Baches), que trabajar\u00e1 con un equipo moderno a trav\u00e9s de unidades especiales en el que la lluvia no ser\u00e1 determinante para cumplir la meta final de cubrir 8 mil baches existentes en todo el territorio, antes de finalizar el a\u00f1o.<br><\/p>\n\n\n\n<p>Pero durante el evento, Flores Fern\u00e1ndez hizo de conocimiento a los vecinos que existe la iniciativa desde la C\u00e1mara de Diputados, de reducir poco m\u00e1s el 10% del gasto del pa\u00eds, representando una disminuci\u00f3n de recursos del ramo 33.<br><\/p>\n\n\n\n<p>Ante ello, Flores Fern\u00e1ndez expres\u00f3 que esto puede provocar que algunos municipios dejen de hacer calles, tapar baches y poner menos luminarias, evitar que se den despensas y suspender los programas sociales.<br><\/p>\n\n\n\n<p>Pero, de manera comprometido, se\u00f1al\u00f3 que en Metepec, esto no ocurrir\u00e1, pues con los recursos con los que se cuenta se seguir\u00e1 haciendo obra p\u00fablica, se terminar\u00e1n con los baches y no dejar\u00e1n de funcionar los comedores comunitarios y los programas como M\u00e9dico en tu Casa. Este anuncio gener\u00f3 gran entusiasmo en los presentes vitoreando la determinaci\u00f3n del mun\u00edcipe.<br><\/p>\n\n\n\n<p>Y es que uno de los puntos de su administraci\u00f3n es la que trata de la movilidad, y con la entrega de Paseo del Agricultor, Barrizal y Alfareros, el gobierno de Metepec busca mejorar la conectividad en la principal zona comercial del municipio.<br><\/p>\n\n\n\n<p>Flores Fern\u00e1ndez asever\u00f3 que prefiere destinar recursos a mejorar las condiciones de vida de las y los metepequenses que pagar millones de pesos al a\u00f1o a un medio de comunicaci\u00f3n y remat\u00f3 diciendo que la realidad es esta cumplir a la ciudadan\u00eda que es lo verdaderamente importante\u2019<br><\/p>\n\n\n\n<p>Y concluy\u00f3 que la verdadera fuerza de Metepec est\u00e1 en su ciudadanos y en que juntos podemos seguir haciendo de Metepec el mejor municipio no s\u00f3lo del estado de M\u00e9xico, el mejor municipio del pa\u00eds, juntos de la mano.<\/p>\n","protected":false},"excerpt":{"rendered":"<p>-Anunci\u00f3 el programa \u2018Sin-Ba\u2019 , cuyo objetivo es eliminar los baches en Metepec antes de que termine el a\u00f1o En el municipio de Metepec, el presidente municipal, Fernando Flores Fern\u00e1ndez llev\u00f3 a cabo la inauguraci\u00f3n del reencarpetado de la avenida Estado de M\u00e9xico, que abarca una extensi\u00f3n de 3.7 kil\u00f3metros lineales y tuvo una inversi\u00f3n [&hellip;]<\/p>\n","protected":false},"author":1,"featured_media":93787,"comment_status":"closed","ping_status":"closed","sticky":false,"template":"","format":"standard","meta":{"footnotes":""},"categories":[36],"tags":[],"class_list":["post-93786","post","type-post","status-publish","format-standard","has-post-thumbnail","hentry","category-edomex"],"_links":{"self":[{"href":"https:\/\/elinformante.mx\/index.php?rest_route=\/wp\/v2\/posts\/93786","targetHints":{"allow":["GET"]}}],"collection":[{"href":"https:\/\/elinformante.mx\/index.php?rest_route=\/wp\/v2\/posts"}],"about":[{"href":"https:\/\/elinformante.mx\/index.php?rest_route=\/wp\/v2\/types\/post"}],"author":[{"embeddable":true,"href":"https:\/\/elinformante.mx\/index.php?rest_route=\/wp\/v2\/users\/1"}],"replies":[{"embeddable":true,"href":"https:\/\/elinformante.mx\/index.php?rest_route=%2Fwp%2Fv2%2Fcomments&post=93786"}],"version-history":[{"count":0,"href":"https:\/\/elinformante.mx\/index.php?rest_route=\/wp\/v2\/posts\/93786\/revisions"}],"wp:featuredmedia":[{"embeddable":true,"href":"https:\/\/elinformante.mx\/index.php?rest_route=\/wp\/v2\/media\/93787"}],"wp:attachment":[{"href":"https:\/\/elinformante.mx\/index.php?rest_route=%2Fwp%2Fv2%2Fmedia&parent=93786"}],"wp:term":[{"taxonomy":"category","embeddable":true,"href":"https:\/\/elinformante.mx\/index.php?rest_route=%2Fwp%2Fv2%2Fcategories&post=93786"},{"taxonomy":"post_tag","embeddable":true,"href":"https:\/\/elinformante.mx\/index.php?rest_route=%2Fwp%2Fv2%2Ftags&post=93786"}],"curies":[{"name":"wp","href":"https:\/\/api.w.org\/{rel}","templated":true}]}}