{"id":93788,"date":"2025-10-06T06:34:22","date_gmt":"2025-10-06T12:34:22","guid":{"rendered":"https:\/\/elinformante.mx\/?p=93788"},"modified":"2025-10-06T06:34:29","modified_gmt":"2025-10-06T12:34:29","slug":"ricardo-moreno-encabeza-encendido-de-1200-luminarias-en-santiago-tlacotepec","status":"publish","type":"post","link":"https:\/\/elinformante.mx\/?p=93788","title":{"rendered":"Ricardo Moreno encabeza encendido de 1200 luminarias en Santiago Tlacotepec"},"content":{"rendered":"\n<figure class=\"wp-block-pullquote\"><blockquote><p>-Despu\u00e9s de 20 a\u00f1os de abandono, el campo de futbol de la comunidad cuenta con un nuevo sistema de iluminaci\u00f3n<\/p><\/blockquote><\/figure>\n\n\n\n<p class=\"has-drop-cap\">El Presidente Municipal, Ricardo Moreno, refrend\u00f3 su compromiso de que Santiago Tlacotepec nunca m\u00e1s ser\u00e1 olvidado ni quedar\u00e1 rezagado, al poner en marcha la instalaci\u00f3n de mil 200 luminarias como parte del programa Toluca se llena de luz.<br><\/p>\n\n\n\n<p>Acompa\u00f1ado por la presidenta del DIF Toluca, Roc\u00edo Pegueros, el alcalde afirm\u00f3 que su compromiso es poner guapo a Tlacotepec y a Toluca, con el objetivo de que las infancias, juventudes y, en especial, las mujeres puedan recorrer su comunidad con seguridad, ejercer su derecho a salir a la hora que deseen y disfrutar plenamente del lugar donde habitan.<br><\/p>\n\n\n\n<p>En la delegaci\u00f3n exist\u00edan 1120 luminarias, se ampliaron a 1200 sustituyendo 500 de \u00e9stas por l\u00e1mparas led, explic\u00f3 el director general de Servicios P\u00fablicos, Gustavo Anaya.<br><\/p>\n\n\n\n<p>A\u00f1adi\u00f3 que se trabaj\u00f3 de la mano con la comunidad y la liga de futbol en el reemplazo total del alumbrado; pinta de bardas interiores y exteriores; guarniciones y rejas de las canchas de Futbol Xinant\u00e9catl, adem\u00e1s, por casi un mes se logr\u00f3 el remplazo de luminarias obsoletas por tecnolog\u00eda led, adicionalmente, se limpi\u00f3 el pante\u00f3n delegacional y se apoy\u00f3 en la poda de \u00e1reas verdes de la escuela primaria.<br><\/p>\n\n\n\n<figure class=\"wp-block-image size-large\"><img fetchpriority=\"high\" decoding=\"async\" width=\"1024\" height=\"506\" src=\"https:\/\/elinformante.mx\/wp-content\/uploads\/2025\/10\/11toluca-3-1024x506.jpg\" alt=\"\" class=\"wp-image-93790\" srcset=\"https:\/\/elinformante.mx\/wp-content\/uploads\/2025\/10\/11toluca-3-1024x506.jpg 1024w, https:\/\/elinformante.mx\/wp-content\/uploads\/2025\/10\/11toluca-3-300x148.jpg 300w, https:\/\/elinformante.mx\/wp-content\/uploads\/2025\/10\/11toluca-3-768x379.jpg 768w, https:\/\/elinformante.mx\/wp-content\/uploads\/2025\/10\/11toluca-3.jpg 1140w\" sizes=\"(max-width: 1024px) 100vw, 1024px\" \/><figcaption class=\"wp-element-caption\">default<\/figcaption><\/figure>\n\n\n\n<p>Tlacotepec se sum\u00f3 al programa de iluminaci\u00f3n, que ya ha beneficiado a delegaciones como Centro Hist\u00f3rico, Morelos, Universidad, La Maquinita e Independencia, y que en breve llegar\u00e1 a San Felipe Tlalmimilolpan, San Juan Tilapa y Capultitl\u00e1n.<br><\/p>\n\n\n\n<p>Moreno Bastida expres\u00f3 su deseo de que la ciudadan\u00eda recupere el entusiasmo por ocupar los espacios p\u00fablicos y destac\u00f3 que nunca m\u00e1s se debe permitir que se les arrebaten; adem\u00e1s, agradeci\u00f3 al Cabildo el respaldo para hacer realidad las obras.<br><\/p>\n\n\n\n<p>Kelly Garc\u00eda, a nombre de la comunidad, reconoci\u00f3 que el compromiso de campa\u00f1a de Ricardo Moreno de descentralizar el progreso, no qued\u00f3 solo en palabras, pues hoy se cumpli\u00f3 al llevar beneficios m\u00e1s all\u00e1 del casco urbano, lo que dijo les hace sentirse escuchados, tomados en cuenta y respetados como parte fundamental del municipio.<br><\/p>\n\n\n\n<p>Eder Jaso Onofre, presidente de la Liga de Futbol Xinant\u00e9catl, refiri\u00f3 que despu\u00e9s de 20 a\u00f1os de abandono, la cancha de la comunidad cuenta con un nuevo sistema de iluminaci\u00f3n, lo que mejorar\u00e1 la pr\u00e1ctica deportiva y ofrecer\u00e1 un espacio m\u00e1s seguro y digno para la juventud y el desarrollo de futuros proyectos comunitarios.<\/p>\n","protected":false},"excerpt":{"rendered":"<p>-Despu\u00e9s de 20 a\u00f1os de abandono, el campo de futbol de la comunidad cuenta con un nuevo sistema de iluminaci\u00f3n El Presidente Municipal, Ricardo Moreno, refrend\u00f3 su compromiso de que Santiago Tlacotepec nunca m\u00e1s ser\u00e1 olvidado ni quedar\u00e1 rezagado, al poner en marcha la instalaci\u00f3n de mil 200 luminarias como parte del programa Toluca se [&hellip;]<\/p>\n","protected":false},"author":1,"featured_media":93789,"comment_status":"closed","ping_status":"closed","sticky":false,"template":"","format":"standard","meta":{"footnotes":""},"categories":[30,36],"tags":[],"class_list":["post-93788","post","type-post","status-publish","format-standard","has-post-thumbnail","hentry","category-destacado","category-edomex"],"_links":{"self":[{"href":"https:\/\/elinformante.mx\/index.php?rest_route=\/wp\/v2\/posts\/93788","targetHints":{"allow":["GET"]}}],"collection":[{"href":"https:\/\/elinformante.mx\/index.php?rest_route=\/wp\/v2\/posts"}],"about":[{"href":"https:\/\/elinformante.mx\/index.php?rest_route=\/wp\/v2\/types\/post"}],"author":[{"embeddable":true,"href":"https:\/\/elinformante.mx\/index.php?rest_route=\/wp\/v2\/users\/1"}],"replies":[{"embeddable":true,"href":"https:\/\/elinformante.mx\/index.php?rest_route=%2Fwp%2Fv2%2Fcomments&post=93788"}],"version-history":[{"count":0,"href":"https:\/\/elinformante.mx\/index.php?rest_route=\/wp\/v2\/posts\/93788\/revisions"}],"wp:featuredmedia":[{"embeddable":true,"href":"https:\/\/elinformante.mx\/index.php?rest_route=\/wp\/v2\/media\/93789"}],"wp:attachment":[{"href":"https:\/\/elinformante.mx\/index.php?rest_route=%2Fwp%2Fv2%2Fmedia&parent=93788"}],"wp:term":[{"taxonomy":"category","embeddable":true,"href":"https:\/\/elinformante.mx\/index.php?rest_route=%2Fwp%2Fv2%2Fcategories&post=93788"},{"taxonomy":"post_tag","embeddable":true,"href":"https:\/\/elinformante.mx\/index.php?rest_route=%2Fwp%2Fv2%2Ftags&post=93788"}],"curies":[{"name":"wp","href":"https:\/\/api.w.org\/{rel}","templated":true}]}}