{"id":93791,"date":"2025-10-06T06:36:28","date_gmt":"2025-10-06T12:36:28","guid":{"rendered":"https:\/\/elinformante.mx\/?p=93791"},"modified":"2025-10-06T06:36:33","modified_gmt":"2025-10-06T12:36:33","slug":"ieem-acompano-la-eleccion-de-representante-indigena-en-temoaya","status":"publish","type":"post","link":"https:\/\/elinformante.mx\/?p=93791","title":{"rendered":"IEEM acompa\u00f1\u00f3 la elecci\u00f3n de representante ind\u00edgena en Temoaya"},"content":{"rendered":"\n<figure class=\"wp-block-pullquote\"><blockquote><p>-Se llev\u00f3 a cabo el ejercicio de elecci\u00f3n en el que fueron instaladas 64 casillas en las comunidades ind\u00edgenas del municipio<\/p><\/blockquote><\/figure>\n\n\n\n<p class=\"has-drop-cap\">El Instituto Electoral del Estado de M\u00e9xico (IEEM) coadyuv\u00f3 en la elecci\u00f3n de la persona representante ind\u00edgena en el municipio de Temoaya, y realiz\u00f3 un recorrido por los centros de votaci\u00f3n instalado para los comicios en los que particip\u00f3 la ciudadan\u00eda temoayense.<br><\/p>\n\n\n\n<p>Tras lo ordenado por un acuerdo plenario del Tribunal Electoral del Estado de M\u00e9xico(TEEM) respecto al cumplimiento de la sentencia de los juicios JDC\/257\/2025 yJDC\/264\/2025, el Instituto se coordin\u00f3 con el Cabildo municipal y las personas integrantes de la Comisi\u00f3n Electoral de Representante Ind\u00edgena, a fin de asegurar el cumplimiento del \u00f3rgano jurisdiccional.<br><\/p>\n\n\n\n<p>En la jornada particip\u00f3 personal adscrito a la Presidencia y la Secretar\u00eda Ejecutiva (SE);a las Direcciones Jur\u00eddico-Consultiva (DJC), de Organizaci\u00f3n (DO), de Partidos Pol\u00edticos(DPP) y de Participaci\u00f3n Ciudadana (DPC); as\u00ed como, a las Unidades Coordinadora de G\u00e9nero (UCG) y de Comunicaci\u00f3n Social (UCS); adem\u00e1s de Oficial Electoral, con el objetivo de acompa\u00f1ar el adecuado desarrollo de la jornada.<br><\/p>\n\n\n\n<p>Durante este ejercicio electivo, el IEEM se mantuvo atento a las necesidades de la Comisi\u00f3n Electoral de Representante Ind\u00edgena ante las necesidades que pudieran surgir en el mismo. Tras el cierre de las casillas, los paquetes electorales con los votos de las y los temoayenses fueron traslados y resguardados para su conteo en el auditorio municipal. Cabe destacar que, como parte de este proceso, el IEEM asesor\u00f3 la adecuada difusi\u00f3n de la convocatoria, acompa\u00f1\u00f3 el desarrollo de una Asamblea Consultiva y estuvo presente en la celebraci\u00f3n de la elecci\u00f3n de la persona representante ind\u00edgena.<br><\/p>\n\n\n\n<p>Con esta labor, el IEEM refrend\u00f3 su rol activo y su contribuci\u00f3n en la realizaci\u00f3n de procesos democr\u00e1ticos y transparentes, fortaleciendo la participaci\u00f3n ciudadana y garantizando los derechos pol\u00edtico-electorales de quienes integran las 64 comunidades ind\u00edgenas de Temoaya.<\/p>\n","protected":false},"excerpt":{"rendered":"<p>-Se llev\u00f3 a cabo el ejercicio de elecci\u00f3n en el que fueron instaladas 64 casillas en las comunidades ind\u00edgenas del municipio El Instituto Electoral del Estado de M\u00e9xico (IEEM) coadyuv\u00f3 en la elecci\u00f3n de la persona representante ind\u00edgena en el municipio de Temoaya, y realiz\u00f3 un recorrido por los centros de votaci\u00f3n instalado para los [&hellip;]<\/p>\n","protected":false},"author":1,"featured_media":93792,"comment_status":"closed","ping_status":"closed","sticky":false,"template":"","format":"standard","meta":{"footnotes":""},"categories":[36],"tags":[],"class_list":["post-93791","post","type-post","status-publish","format-standard","has-post-thumbnail","hentry","category-edomex"],"_links":{"self":[{"href":"https:\/\/elinformante.mx\/index.php?rest_route=\/wp\/v2\/posts\/93791","targetHints":{"allow":["GET"]}}],"collection":[{"href":"https:\/\/elinformante.mx\/index.php?rest_route=\/wp\/v2\/posts"}],"about":[{"href":"https:\/\/elinformante.mx\/index.php?rest_route=\/wp\/v2\/types\/post"}],"author":[{"embeddable":true,"href":"https:\/\/elinformante.mx\/index.php?rest_route=\/wp\/v2\/users\/1"}],"replies":[{"embeddable":true,"href":"https:\/\/elinformante.mx\/index.php?rest_route=%2Fwp%2Fv2%2Fcomments&post=93791"}],"version-history":[{"count":0,"href":"https:\/\/elinformante.mx\/index.php?rest_route=\/wp\/v2\/posts\/93791\/revisions"}],"wp:featuredmedia":[{"embeddable":true,"href":"https:\/\/elinformante.mx\/index.php?rest_route=\/wp\/v2\/media\/93792"}],"wp:attachment":[{"href":"https:\/\/elinformante.mx\/index.php?rest_route=%2Fwp%2Fv2%2Fmedia&parent=93791"}],"wp:term":[{"taxonomy":"category","embeddable":true,"href":"https:\/\/elinformante.mx\/index.php?rest_route=%2Fwp%2Fv2%2Fcategories&post=93791"},{"taxonomy":"post_tag","embeddable":true,"href":"https:\/\/elinformante.mx\/index.php?rest_route=%2Fwp%2Fv2%2Ftags&post=93791"}],"curies":[{"name":"wp","href":"https:\/\/api.w.org\/{rel}","templated":true}]}}