{"id":93799,"date":"2025-10-06T07:11:00","date_gmt":"2025-10-06T13:11:00","guid":{"rendered":"https:\/\/elinformante.mx\/?p=93799"},"modified":"2025-10-06T07:11:09","modified_gmt":"2025-10-06T13:11:09","slug":"escuchar-para-cumplir-rinde-pepe-couttolenc-su-primer-informe-legislativo","status":"publish","type":"post","link":"https:\/\/elinformante.mx\/?p=93799","title":{"rendered":"\u201cEscuchar para Cumplir\u201d; Rinde Pepe Couttolenc su Primer Informe Legislativo"},"content":{"rendered":"\n<figure class=\"wp-block-pullquote\"><blockquote><p>-\u201cCumplir no es hablar bonito; es convertir la voz ciudadana en hechos concretos\u201d.<\/p><\/blockquote><\/figure>\n\n\n\n<p class=\"has-drop-cap\">En el Sal\u00f3n Rojo del Club Toluca, el diputado local Jos\u00e9 Alberto \u201cPepe\u201d Couttolenc Buentello present\u00f3 su Primer Informe Legislativo, arropado por la dirigencia nacional del Partido Verde y una militancia que core\u00f3 su lema: \u201cEscuchar para Cumplir\u201d.<br><\/p>\n\n\n\n<p>Durante el acto, el Coordinador del Grupo Parlamentario del PVEM en el Estado de M\u00e9xico destac\u00f3 que su bancada se ha consolidado como la segunda fuerza pol\u00edtica en el Congreso local, gracias a una agenda legislativa centrada en cinco ejes tem\u00e1ticos que responden directamente a las demandas ciudadanas.<br><\/p>\n\n\n\n<p>\u201cCumplir no es hablar bonito; es convertir la voz ciudadana en hechos concretos. Por eso, en un a\u00f1o presentamos cerca de 100 instrumentos legislativos\u201d, afirm\u00f3 Couttolenc ante aplausos.<br><\/p>\n\n\n\n<figure class=\"wp-block-image size-large\"><img fetchpriority=\"high\" decoding=\"async\" width=\"1024\" height=\"506\" src=\"https:\/\/elinformante.mx\/wp-content\/uploads\/2025\/10\/8pepe-3-1024x506.jpg\" alt=\"\" class=\"wp-image-93801\" srcset=\"https:\/\/elinformante.mx\/wp-content\/uploads\/2025\/10\/8pepe-3-1024x506.jpg 1024w, https:\/\/elinformante.mx\/wp-content\/uploads\/2025\/10\/8pepe-3-300x148.jpg 300w, https:\/\/elinformante.mx\/wp-content\/uploads\/2025\/10\/8pepe-3-768x379.jpg 768w, https:\/\/elinformante.mx\/wp-content\/uploads\/2025\/10\/8pepe-3.jpg 1140w\" sizes=\"(max-width: 1024px) 100vw, 1024px\" \/><\/figure>\n\n\n\n<p>El evento cont\u00f3 con la presencia de figuras clave del Partido Verde a nivel nacional, como Karen Castrej\u00f3n Trujillo, dirigente nacional; Arturo Escobar y Vega, consejero pol\u00edtico; y Manuel Velasco Coello, coordinador en el Senado. Los tres coincidieron en destacar el liderazgo de Couttolenc y su proyecci\u00f3n pol\u00edtica.<br><\/p>\n\n\n\n<p>\u201cPepe es un pol\u00edtico joven, transparente y de resultados\u201d, se\u00f1al\u00f3 Castrej\u00f3n.<br><\/p>\n\n\n\n<p>\u201cEs el referente nacional del Verde. La gente conf\u00eda en \u00e9l\u201d, agreg\u00f3 Escobar.<br><\/p>\n\n\n\n<p>\u201cEstoy seguro de que alg\u00fan d\u00eda estaremos aqu\u00ed para su toma de protesta como gobernador\u201d, remat\u00f3 Velasco.<br><\/p>\n\n\n\n<figure class=\"wp-block-image size-large\"><img decoding=\"async\" width=\"1024\" height=\"506\" src=\"https:\/\/elinformante.mx\/wp-content\/uploads\/2025\/10\/8pepe-2-1024x506.jpg\" alt=\"\" class=\"wp-image-93802\" srcset=\"https:\/\/elinformante.mx\/wp-content\/uploads\/2025\/10\/8pepe-2-1024x506.jpg 1024w, https:\/\/elinformante.mx\/wp-content\/uploads\/2025\/10\/8pepe-2-300x148.jpg 300w, https:\/\/elinformante.mx\/wp-content\/uploads\/2025\/10\/8pepe-2-768x379.jpg 768w, https:\/\/elinformante.mx\/wp-content\/uploads\/2025\/10\/8pepe-2.jpg 1140w\" sizes=\"(max-width: 1024px) 100vw, 1024px\" \/><\/figure>\n\n\n\n<p>Couttolenc present\u00f3 los avances legislativos del PVEM en cinco ejes estrat\u00e9gicos:<br><\/p>\n\n\n\n<p>-Por Ellas (Mujeres): Se impulsaron reformas para tipificar la violencia vicaria, crear la Pulsera Centinela contra bebidas adulteradas y establecer una Fiscal\u00eda Especializada en Delitos por Raz\u00f3n de G\u00e9nero.<br><\/p>\n\n\n\n<p>-\u201cEl centro de todo es la mujer; si est\u00e1n bien ellas, est\u00e1n bien las familias y las comunidades\u201d, subray\u00f3.<br><\/p>\n\n\n\n<p>-Por un Estado m\u00e1s Verde: Se promovi\u00f3 la prohibici\u00f3n de pl\u00e1sticos de un solo uso, la reconversi\u00f3n de tiraderos en centros generadores de energ\u00eda, y la protecci\u00f3n de la mariposa monarca. Tambi\u00e9n se establecieron sanciones contra la tala ilegal y l\u00edmites a los ca\u00f1ones antigranizo.<br><\/p>\n\n\n\n<figure class=\"wp-block-image size-large\"><img decoding=\"async\" width=\"1024\" height=\"506\" src=\"https:\/\/elinformante.mx\/wp-content\/uploads\/2025\/10\/8pepe-5-1024x506.jpg\" alt=\"\" class=\"wp-image-93803\" srcset=\"https:\/\/elinformante.mx\/wp-content\/uploads\/2025\/10\/8pepe-5-1024x506.jpg 1024w, https:\/\/elinformante.mx\/wp-content\/uploads\/2025\/10\/8pepe-5-300x148.jpg 300w, https:\/\/elinformante.mx\/wp-content\/uploads\/2025\/10\/8pepe-5-768x379.jpg 768w, https:\/\/elinformante.mx\/wp-content\/uploads\/2025\/10\/8pepe-5.jpg 1140w\" sizes=\"(max-width: 1024px) 100vw, 1024px\" \/><\/figure>\n\n\n\n<p>-\u201cLa basura ser\u00e1 energ\u00eda y lo inorg\u00e1nico se recicla. \u00c9ste ser\u00e1 uno de los grandes legados del Verde\u201d, afirm\u00f3.<br><\/p>\n\n\n\n<p>-Por M\u00e1s Agua: Se legisl\u00f3 en favor de la seguridad h\u00eddrica como derecho humano, con iniciativas como captadores de lluvia, pipas gratuitas, sanciones al huachicoleo del agua y filtros potabilizadores en escuelas.<br><\/p>\n\n\n\n<p>-Por Tu Bolsillo: Se anunciaron empleos medioambientales para j\u00f3venes, pagos por servicios ambientales a comunidades forestales y la ley de estacionamientos gratuitos, que busca fortalecer el comercio local.<br><\/p>\n\n\n\n<p>-Por las y los J\u00f3venes: Se propuso que uno de cada cinco espacios de representaci\u00f3n pol\u00edtica sea para j\u00f3venes, adem\u00e1s de reservar vivienda con tasas preferenciales en nuevos desarrollos habitacionales.<br><\/p>\n\n\n\n<figure class=\"wp-block-image size-large\"><img loading=\"lazy\" decoding=\"async\" width=\"1024\" height=\"506\" src=\"https:\/\/elinformante.mx\/wp-content\/uploads\/2025\/10\/8pepe-4-1024x506.jpg\" alt=\"\" class=\"wp-image-93804\" srcset=\"https:\/\/elinformante.mx\/wp-content\/uploads\/2025\/10\/8pepe-4-1024x506.jpg 1024w, https:\/\/elinformante.mx\/wp-content\/uploads\/2025\/10\/8pepe-4-300x148.jpg 300w, https:\/\/elinformante.mx\/wp-content\/uploads\/2025\/10\/8pepe-4-768x379.jpg 768w, https:\/\/elinformante.mx\/wp-content\/uploads\/2025\/10\/8pepe-4.jpg 1140w\" sizes=\"(max-width: 1024px) 100vw, 1024px\" \/><\/figure>\n\n\n\n<p>-\u201cRompamos techos de cristal; representamos un tercio de la poblaci\u00f3n y debemos participar en las decisiones\u201d, enfatiz\u00f3.<br><\/p>\n\n\n\n<p>Couttolenc refrend\u00f3 que el Partido Verde preside seis comisiones legislativas en el Congreso local, cuenta con una presidencia en el Congreso Federal y gobierna 19 municipios en el Estado de M\u00e9xico.<br><\/p>\n\n\n\n<p>\u201cChamba mata grilla: trabajo constante, resultados reales y cercan\u00eda con la gente\u201d, sostuvo.<\/p>\n","protected":false},"excerpt":{"rendered":"<p>-\u201cCumplir no es hablar bonito; es convertir la voz ciudadana en hechos concretos\u201d. En el Sal\u00f3n Rojo del Club Toluca, el diputado local Jos\u00e9 Alberto \u201cPepe\u201d Couttolenc Buentello present\u00f3 su Primer Informe Legislativo, arropado por la dirigencia nacional del Partido Verde y una militancia que core\u00f3 su lema: \u201cEscuchar para Cumplir\u201d. Durante el acto, el [&hellip;]<\/p>\n","protected":false},"author":1,"featured_media":93800,"comment_status":"closed","ping_status":"closed","sticky":false,"template":"","format":"standard","meta":{"footnotes":""},"categories":[30,36,31],"tags":[46],"class_list":["post-93799","post","type-post","status-publish","format-standard","has-post-thumbnail","hentry","category-destacado","category-edomex","category-portada","tag-portadaedomex"],"_links":{"self":[{"href":"https:\/\/elinformante.mx\/index.php?rest_route=\/wp\/v2\/posts\/93799","targetHints":{"allow":["GET"]}}],"collection":[{"href":"https:\/\/elinformante.mx\/index.php?rest_route=\/wp\/v2\/posts"}],"about":[{"href":"https:\/\/elinformante.mx\/index.php?rest_route=\/wp\/v2\/types\/post"}],"author":[{"embeddable":true,"href":"https:\/\/elinformante.mx\/index.php?rest_route=\/wp\/v2\/users\/1"}],"replies":[{"embeddable":true,"href":"https:\/\/elinformante.mx\/index.php?rest_route=%2Fwp%2Fv2%2Fcomments&post=93799"}],"version-history":[{"count":0,"href":"https:\/\/elinformante.mx\/index.php?rest_route=\/wp\/v2\/posts\/93799\/revisions"}],"wp:featuredmedia":[{"embeddable":true,"href":"https:\/\/elinformante.mx\/index.php?rest_route=\/wp\/v2\/media\/93800"}],"wp:attachment":[{"href":"https:\/\/elinformante.mx\/index.php?rest_route=%2Fwp%2Fv2%2Fmedia&parent=93799"}],"wp:term":[{"taxonomy":"category","embeddable":true,"href":"https:\/\/elinformante.mx\/index.php?rest_route=%2Fwp%2Fv2%2Fcategories&post=93799"},{"taxonomy":"post_tag","embeddable":true,"href":"https:\/\/elinformante.mx\/index.php?rest_route=%2Fwp%2Fv2%2Ftags&post=93799"}],"curies":[{"name":"wp","href":"https:\/\/api.w.org\/{rel}","templated":true}]}}