{"id":93811,"date":"2025-10-06T07:21:14","date_gmt":"2025-10-06T13:21:14","guid":{"rendered":"https:\/\/elinformante.mx\/?p=93811"},"modified":"2025-10-06T07:21:17","modified_gmt":"2025-10-06T13:21:17","slug":"dif-cdmx-entrega-apoyos-economicos-para-mejorar-los-comedores-populares","status":"publish","type":"post","link":"https:\/\/elinformante.mx\/?p=93811","title":{"rendered":"DIF CDMX entrega apoyos econ\u00f3micos para mejorar los Comedores Populares"},"content":{"rendered":"\n<figure class=\"wp-block-pullquote\"><blockquote><p>-La meta para este a\u00f1o es servir 5 millones 800 mil raciones de comida caliente.<\/p><\/blockquote><\/figure>\n\n\n\n<p class=\"has-drop-cap\">A fin de mejorar y dignificar los comedores populares para el Bienestar, el Sistema para el Desarrollo Integral de la Familia (DIF) de la Ciudad de M\u00e9xico, que encabeza Beatriz Rojas Mart\u00ednez, entreg\u00f3 apoyos econ\u00f3micos por 13 mil 636 pesos a 88 grupos solidarios encargados de operar estos espacios que ofrecen comidas completas y balanceadas para habitantes y personas en tr\u00e1nsito en la capital por 11 pesos.<br><\/p>\n\n\n\n<p>La inversi\u00f3n es de un mill\u00f3n 200 mil pesos, lo que representa el 5 por ciento del presupuesto anual para el programa de Comedores Populares para el Bienestar, el cual tiene como meta, para este a\u00f1o, servir 5 millones 800 mil raciones de comida caliente.<br><\/p>\n\n\n\n<p>Ante grupos solidarios, reunidos en el Auditorio Adolfo L\u00f3pez Mateos, estableci\u00f3 que los Comedores Populares para el Bienestar no son parte de un programa asistencialista, son un pilar del Estado de bienestar que se est\u00e1 consolidando en la Ciudad de M\u00e9xico.<br><\/p>\n\n\n\n<p>En su oportunidad, Mar\u00eda de Jes\u00fas L\u00f3pez V\u00e1zquez, directora de Comedores Populares, destac\u00f3 que este programa, adem\u00e1s de garantizar una alimentaci\u00f3n nutritiva y accesible para todas las personas, cumple una funci\u00f3n esencial en el apoyo a las familias que enfrentan situaciones de vulnerabilidad.<br><\/p>\n\n\n\n<p>Con ello, resalt\u00f3, se consolida el compromiso del Gobierno de la Ciudad de M\u00e9xico, encabezado por Clara Brugada, de trabajar por una sociedad m\u00e1s justa y equitativa para todas y todos.<br><\/p>\n\n\n\n<p>Representantes de los comedores Cuisine Quinta, Como Agua para Chocolate, el Saz\u00f3n de la Abuela y Dany agradecieron el apoyo y solidaridad de los directivos del DIF de la Ciudad de M\u00e9xico para mejorar las condiciones de los comedores y se\u00f1alaron que estos espacios deben verse como una labor social y no como un beneficio propio de quienes los operan.<\/p>\n","protected":false},"excerpt":{"rendered":"<p>-La meta para este a\u00f1o es servir 5 millones 800 mil raciones de comida caliente. A fin de mejorar y dignificar los comedores populares para el Bienestar, el Sistema para el Desarrollo Integral de la Familia (DIF) de la Ciudad de M\u00e9xico, que encabeza Beatriz Rojas Mart\u00ednez, entreg\u00f3 apoyos econ\u00f3micos por 13 mil 636 pesos [&hellip;]<\/p>\n","protected":false},"author":1,"featured_media":93812,"comment_status":"closed","ping_status":"closed","sticky":false,"template":"","format":"standard","meta":{"footnotes":""},"categories":[35],"tags":[],"class_list":["post-93811","post","type-post","status-publish","format-standard","has-post-thumbnail","hentry","category-cdmx"],"_links":{"self":[{"href":"https:\/\/elinformante.mx\/index.php?rest_route=\/wp\/v2\/posts\/93811","targetHints":{"allow":["GET"]}}],"collection":[{"href":"https:\/\/elinformante.mx\/index.php?rest_route=\/wp\/v2\/posts"}],"about":[{"href":"https:\/\/elinformante.mx\/index.php?rest_route=\/wp\/v2\/types\/post"}],"author":[{"embeddable":true,"href":"https:\/\/elinformante.mx\/index.php?rest_route=\/wp\/v2\/users\/1"}],"replies":[{"embeddable":true,"href":"https:\/\/elinformante.mx\/index.php?rest_route=%2Fwp%2Fv2%2Fcomments&post=93811"}],"version-history":[{"count":0,"href":"https:\/\/elinformante.mx\/index.php?rest_route=\/wp\/v2\/posts\/93811\/revisions"}],"wp:featuredmedia":[{"embeddable":true,"href":"https:\/\/elinformante.mx\/index.php?rest_route=\/wp\/v2\/media\/93812"}],"wp:attachment":[{"href":"https:\/\/elinformante.mx\/index.php?rest_route=%2Fwp%2Fv2%2Fmedia&parent=93811"}],"wp:term":[{"taxonomy":"category","embeddable":true,"href":"https:\/\/elinformante.mx\/index.php?rest_route=%2Fwp%2Fv2%2Fcategories&post=93811"},{"taxonomy":"post_tag","embeddable":true,"href":"https:\/\/elinformante.mx\/index.php?rest_route=%2Fwp%2Fv2%2Ftags&post=93811"}],"curies":[{"name":"wp","href":"https:\/\/api.w.org\/{rel}","templated":true}]}}